{"id":4336,"date":"2025-10-13T15:43:58","date_gmt":"2025-10-13T15:43:58","guid":{"rendered":"https:\/\/buddypacer.com\/?p=4336"},"modified":"2025-10-13T17:50:07","modified_gmt":"2025-10-13T17:50:07","slug":"record-maraton","status":"publish","type":"post","link":"https:\/\/buddypacer.com\/pt\/record-maraton\/","title":{"rendered":"O recorde da maratona: hist\u00f3ria, lendas e grandes maratonistas."},"content":{"rendered":"<div data-elementor-type=\"wp-post\" data-elementor-id=\"4336\" class=\"elementor elementor-4336\" data-elementor-post-type=\"post\">\n\t\t\t\t\t\t<section class=\"elementor-section elementor-top-section elementor-element elementor-element-de00ca7 elementor-section-boxed elementor-section-height-default elementor-section-height-default\" data-id=\"de00ca7\" data-element_type=\"section\" data-e-type=\"section\">\n\t\t\t\t\t\t<div class=\"elementor-container elementor-column-gap-default\">\n\t\t\t\t\t<div class=\"elementor-column elementor-col-100 elementor-top-column elementor-element elementor-element-2cb4d8cd\" data-id=\"2cb4d8cd\" data-element_type=\"column\" data-e-type=\"column\">\n\t\t\t<div class=\"elementor-widget-wrap elementor-element-populated\">\n\t\t\t\t\t\t<div class=\"elementor-element elementor-element-98135bc elementor-widget elementor-widget-heading\" data-id=\"98135bc\" data-element_type=\"widget\" data-e-type=\"widget\" data-widget_type=\"heading.default\">\n\t\t\t\t<div class=\"elementor-widget-container\">\n\t\t\t\t\t<h1 class=\"elementor-heading-title elementor-size-default\">O recorde da maratona: hist\u00f3ria, lendas e grandes maratonistas.<\/h1>\t\t\t\t<\/div>\n\t\t\t\t<\/div>\n\t\t\t\t<div class=\"elementor-element elementor-element-324b9a0c elementor-widget elementor-widget-text-editor\" data-id=\"324b9a0c\" data-element_type=\"widget\" data-e-type=\"widget\" data-widget_type=\"text-editor.default\">\n\t\t\t\t<div class=\"elementor-widget-container\">\n\t\t\t\t\t\t\t\t\t<p class=\"translation-block\">O <strong data-start=\"339\" data-end=\"361\">recorde da maratona<\/strong> simboliza o limite da resist\u00eancia humana. Desde os primeiros Jogos Ol\u00edmpicos at\u00e9 \u00e0s fa\u00e7anhas de <strong data-start=\"465\" data-end=\"482\">Kelvin Kiptum<\/strong> e <strong data-start=\"485\" data-end=\"503\">Eliud Kipchoge<\/strong>, correr 42,195 quil\u00f3metros tornou-se uma prova de precis\u00e3o, estrat\u00e9gia e mentalidade. Neste artigo contamos-te a hist\u00f3ria, os recordes mais recentes e os ritmos que definem a elite mundial do running.<\/p><p>\u00a0<\/p><section><h2>A origem da maratona: 42,195 quil\u00f3metros de hist\u00f3ria<\/h2><p class=\"translation-block\">A maratona \u00e9 uma das provas mais ic\u00f3nicas do atletismo. A sua dist\u00e2ncia oficial, <strong>42,195 km<\/strong>, foi estabelecida nos Jogos Ol\u00edmpicos de Londres de 1908, quando se decidiu que a corrida partiria do <em>Castelo de Windsor<\/em> e terminaria em frente ao camarote real do Est\u00e1dio Ol\u00edmpico de Londres. Desde ent\u00e3o, este n\u00famero representa resist\u00eancia e supera\u00e7\u00e3o pessoal.<\/p><p>\u00a0<\/p><p class=\"translation-block\">A sua origem remonta \u00e0 Gr\u00e9cia Antiga: o soldado <strong>Fil\u00edpides<\/strong> correu da cidade de Maratona at\u00e9 Atenas para anunciar a vit\u00f3ria sobre os persas. Esse feito, que lhe custou a vida, simboliza o esp\u00edrito de esfor\u00e7o que inspira milh\u00f5es de corredores em todo o mundo.<\/p><p>\u00a0<\/p><\/section><section><h2>As maratonas mais importantes do mundo<\/h2><p class=\"translation-block\">As seis provas mais prestigiadas formam as <a href=\"https:\/\/www.worldmarathonmajors.com\/\" target=\"_self\"><strong>Abbott World Marathon Majors<\/strong><\/a>, um circuito que qualquer corredor sonha completar. Quem consegue terminar as seis recebe a <strong>medalha Six Star Finisher<\/strong>, s\u00edmbolo de consist\u00eancia e paix\u00e3o pela corrida.<\/p><p>\u00a0<\/p><h3>As seis Major Marathons e os seus sites oficiais<\/h3><ul><li><a href=\"https:\/\/www.marathon.tokyo\/\" target=\"_blank\" rel=\"nofollow noopener\">Maratona de T\u00f3quio<\/a><\/li><li><a href=\"https:\/\/www.baa.org\/\" target=\"_blank\" rel=\"nofollow noopener\">Maratona de Boston<\/a><\/li><li><a href=\"https:\/\/www.tcslondonmarathon.com\/\" target=\"_blank\" rel=\"nofollow noopener\">Maratona de Londres<\/a><\/li><li><a href=\"https:\/\/www.bmw-berlin-marathon.com\/\" target=\"_blank\" rel=\"nofollow noopener\">Maratona de Berlim<\/a><\/li><li><a href=\"https:\/\/www.chicagomarathon.com\/\" target=\"_blank\" rel=\"nofollow noopener\">Maratona de Chicago<\/a><\/li><li><a href=\"https:\/\/www.tcsnycmarathon.org\/\" target=\"_blank\" rel=\"nofollow noopener\">Maratona de Nova Iorque<\/a><\/li><\/ul><p>\u00a0<\/p><\/section><section><h2>Kelvin Kiptum e o seu recorde da maratona<\/h2><p class=\"translation-block\">A <strong>8 de outubro de 2023<\/strong>, o queniano <strong>Kelvin Kiptum<\/strong> parou o cron\u00f3metro em <strong>2:00:35<\/strong> na <a href=\"https:\/\/www.chicagomarathon.com\/\" target=\"_blank\" rel=\"nofollow noopener\">Maratona de Chicago<\/a>, estabelecendo o <strong>recorde mundial da maratona<\/strong>. Aos 23 anos, o seu estilo de corrida agressivo e a sua enorme resist\u00eancia transformaram-no numa figura lend\u00e1ria. A sua morte, em fevereiro de 2024, chocou o mundo do desporto.<\/p><\/section><p>\u00a0<\/p><p>\u00a0<\/p><section><h2><img fetchpriority=\"high\" decoding=\"async\" class=\"size-medium wp-image-4346 aligncenter\" src=\"https:\/\/buddypacer.com\/wp-content\/uploads\/2025\/10\/michael-carruth-SYYdTxXH5_4-unsplash-300x201.jpg\" alt=\"record maraton\" width=\"300\" height=\"201\" srcset=\"https:\/\/buddypacer.com\/wp-content\/uploads\/2025\/10\/michael-carruth-SYYdTxXH5_4-unsplash-300x201.jpg 300w, https:\/\/buddypacer.com\/wp-content\/uploads\/2025\/10\/michael-carruth-SYYdTxXH5_4-unsplash-1024x685.jpg 1024w, https:\/\/buddypacer.com\/wp-content\/uploads\/2025\/10\/michael-carruth-SYYdTxXH5_4-unsplash-768x514.jpg 768w, https:\/\/buddypacer.com\/wp-content\/uploads\/2025\/10\/michael-carruth-SYYdTxXH5_4-unsplash-1536x1028.jpg 1536w, https:\/\/buddypacer.com\/wp-content\/uploads\/2025\/10\/michael-carruth-SYYdTxXH5_4-unsplash-2048x1371.jpg 2048w\" sizes=\"(max-width: 300px) 100vw, 300px\" \/><\/h2><h2>\u00a0<\/h2><h2>Eliud Kipchoge e o dia em que o mundo acreditou<\/h2><p class=\"translation-block\">Antes de Kiptum, o rei da maratona era <strong>Eliud Kipchoge<\/strong>. Em 2019, protagonizou o hist\u00f3rico <a href=\"https:\/\/www.instagram.com\/p\/DPtQqzLjQcb\/?img_index=1\" target=\"_self\"><strong>INEOS 1:59 Challenge<\/strong> em Viena<\/a>, completando os <strong>42,195 km em 1:59:40<\/strong> e tornando-se o primeiro ser humano a quebrar a barreira das duas horas. Embora n\u00e3o tenha sido recorde oficial devido \u00e0s condi\u00e7\u00f5es do evento, o seu lema mudou tudo:<\/p><blockquote><p><strong>No human is limited.<\/strong><\/p><\/blockquote><p class=\"translation-block\">Nesse dia, esteve acompanhado por atletas de elite como <strong>os irm\u00e3os Ingebrigtsen<\/strong>, mostrando que os limites existem para serem desafiados.<\/p><\/section><p>\u00a0<\/p><p>\u00a0<\/p><section><p><img decoding=\"async\" class=\"alignnone size-medium wp-image-4347 aligncenter\" src=\"https:\/\/buddypacer.com\/wp-content\/uploads\/2025\/10\/peter-okwara-Ny975HgWwbQ-unsplash1-300x236.jpg\" alt=\"\" width=\"300\" height=\"236\" srcset=\"https:\/\/buddypacer.com\/wp-content\/uploads\/2025\/10\/peter-okwara-Ny975HgWwbQ-unsplash1-300x236.jpg 300w, https:\/\/buddypacer.com\/wp-content\/uploads\/2025\/10\/peter-okwara-Ny975HgWwbQ-unsplash1-1024x806.jpg 1024w, https:\/\/buddypacer.com\/wp-content\/uploads\/2025\/10\/peter-okwara-Ny975HgWwbQ-unsplash1-768x604.jpg 768w, https:\/\/buddypacer.com\/wp-content\/uploads\/2025\/10\/peter-okwara-Ny975HgWwbQ-unsplash1-1536x1208.jpg 1536w, https:\/\/buddypacer.com\/wp-content\/uploads\/2025\/10\/peter-okwara-Ny975HgWwbQ-unsplash1-2048x1611.jpg 2048w\" sizes=\"(max-width: 300px) 100vw, 300px\" \/><\/p><\/section><section><h2 data-start=\"297\" data-end=\"334\">\u00a0<\/h2><h2 data-start=\"297\" data-end=\"334\">Recorde mundial da maratona feminina<\/h2><p data-start=\"336\" data-end=\"738\" class=\"translation-block\">El <strong data-start=\"339\" data-end=\"377\">r\u00e9cord mundial femenino de marat\u00f3n<\/strong> pertenece actualmente a la keniana <strong data-start=\"413\" data-end=\"434\">Peres Jepchirchir<\/strong>, quien el <strong data-start=\"445\" data-end=\"473\">14 de septiembre de 2025<\/strong> se proclam\u00f3 campeona en el <strong data-start=\"501\" data-end=\"539\">Mundial de Atletismo de Tokio 2025<\/strong>, disputado en el Estadio Nacional. Jepchirchir detuvo el cron\u00f3metro en <strong data-start=\"611\" data-end=\"622\">2:24:43<\/strong>, logrando el mejor tiempo mundial bajo condiciones de campeonato y reafirmando su dominio absoluto en la distancia.<\/p><p data-start=\"740\" data-end=\"1124\" class=\"translation-block\">Com este resultado, a atleta queniana \u2014j\u00e1 campe\u00e3 ol\u00edmpica em T\u00f3quio 2021 e vencedora das maratonas de Boston e de Nova Iorque\u2014 confirma o seu estatuto como uma das maratonistas mais completas e consistentes da hist\u00f3ria.<br data-start=\"959\" data-end=\"962\">A sua vit\u00f3ria no Jap\u00e3o marcou um marco n\u00e3o s\u00f3 pela marca, mas tamb\u00e9m pela sua regularidade e pela capacidade de brilhar tanto nas majors como em provas de alto n\u00edvel competitivo.<\/p><p data-start=\"740\" data-end=\"1124\">\u00a0<\/p><h2 data-start=\"237\" data-end=\"268\">Recorde da maratona em Portugal<\/h2><p data-start=\"270\" data-end=\"694\" class=\"translation-block\">O <strong data-start=\"273\" data-end=\"311\">atual recorde de Portugal na maratona<\/strong> \u00e9 de <strong data-start=\"318\" data-end=\"329\">2:06:36<\/strong>, na posse de <strong data-start=\"346\" data-end=\"364\">Ant\u00f3nio Pinto<\/strong>. O atleta conseguiu esta marca hist\u00f3rica na <strong data-start=\"417\" data-end=\"445\">Maratona de Londres 2000<\/strong>, superando em 36 segundos o anterior recorde de <strong data-start=\"508\" data-end=\"526\">Carlos Lopes<\/strong> (2:07:12). Com este resultado, Pinto consolidou-se como uma refer\u00eancia absoluta do fundo portugu\u00eas.<\/p><p data-start=\"270\" data-end=\"694\">\u00a0<\/p><p data-start=\"696\" data-end=\"1059\" class=\"translation-block\">Na categoria feminina, o <strong data-start=\"722\" data-end=\"753\">recorde de Portugal da maratona<\/strong> pertence a <strong data-start=\"766\" data-end=\"791\">Rosa Mota<\/strong>, que parou o cron\u00f3metro em <strong data-start=\"816\" data-end=\"827\">2:23:29<\/strong> na <strong data-start=\"834\" data-end=\"862\">Maratona de Chicago 1985<\/strong>. Logo atr\u00e1s surge <strong data-start=\"882\" data-end=\"907\">Jessica Augusto<\/strong>, que em Londres 2014 registou um excelente <strong data-start=\"962\" data-end=\"973\">2:24:25<\/strong>, refletindo a continuidade do atletismo feminino portugu\u00eas nos 42,195 km.<\/p><p data-start=\"696\" data-end=\"1059\">\u00a0<\/p><h2 data-start=\"1066\" data-end=\"1100\">Recorde mundial da meia maratona<\/h2><p data-start=\"1102\" data-end=\"1433\" class=\"translation-block\">O <strong data-start=\"1105\" data-end=\"1140\">recorde mundial da meia maratona<\/strong> foi batido a <strong data-start=\"1153\" data-end=\"1178\">16 de fevereiro de 2025<\/strong> na <strong data-start=\"1185\" data-end=\"1229\">eDreams Mitja Marat\u00f3 Barcelona by Brooks<\/strong>. O ugand\u00eas <strong data-start=\"1242\" data-end=\"1259\">Jacob Kiplimo<\/strong> parou o cron\u00f3metro em <strong data-start=\"1282\" data-end=\"1291\">56:42<\/strong>, uma atua\u00e7\u00e3o impressionante que melhorou a sua pr\u00f3pria melhor marca anterior e consolidou Barcelona como um dos percursos mais r\u00e1pidos do mundo. <span data-huuid=\"8407302666307384066\">O recorde mundial feminino da meia maratona \u00e9 de 1 hora, 2 minutos e 52 segundos<\/span><span data-huuid=\"8407302666307384066\">, estabelecido pela et\u00edope Letesenbet Gidey a 24 de outubro de 2021 na Meia Maratona de Val\u00eancia. <span data-huuid=\"8407302666307386045\">Este recorde superou o anterior de <\/span><\/span>1\u223604\u2236021 <span data-huuid=\"8407302666307386045\">da queniana <span class=\"M5tQyf\">Ruth Chepngetich.<\/span><span class=\"pjBG2e\" data-cid=\"c4e13590-4bd3-4c4d-a5c7-d0e769b202db\"><span class=\"UV3uM\"> <\/span><\/span><\/span><\/p><p data-start=\"1102\" data-end=\"1433\">\u00a0<\/p><h2>Conclus\u00e3o<\/h2><p class=\"translation-block\">O <strong>recorde da maratona<\/strong> e o recorde da meia maratona n\u00e3o s\u00e3o apenas um n\u00famero; s\u00e3o uma hist\u00f3ria de esfor\u00e7o, evolu\u00e7\u00e3o e humanidade. De <strong>Fil\u00edpides<\/strong> a <strong>Kipchoge, <\/strong><strong>Kiptum, Kiplimo ou Laura Luengo<\/strong>, a maratona representa a eterna busca do imposs\u00edvel. Pronto\/a para escrever a tua pr\u00f3pria hist\u00f3ria? Descobre como faz\u00ea-lo em <a class=\"decorated-link cursor-pointer\" href=\"https:\/\/buddypacer.com\/pt\/about-us\/\" target=\"_blank\" rel=\"noopener\" data-start=\"1981\" data-end=\"2032\">Buddy Pacer<\/a><\/p><\/section>\t\t\t\t\t\t\t\t<\/div>\n\t\t\t\t<\/div>\n\t\t\t\t\t<\/div>\n\t\t<\/div>\n\t\t\t\t\t<\/div>\n\t\t<\/section>\n\t\t\t\t<\/div>","protected":false},"excerpt":{"rendered":"<p>El R\u00e9cord del Marat\u00f3n: historia, leyendas y grandes maratonianos El r\u00e9cord del marat\u00f3n simboliza el l\u00edmite de la resistencia humana. Desde los primeros Juegos Ol\u00edmpicos hasta las haza\u00f1as de Kelvin Kiptum y Eliud Kipchoge, correr 42,195 kil\u00f3metros se ha convertido en una prueba de precisi\u00f3n, estrategia y mentalidad. En este art\u00edculo te contamos la historia, [&hellip;]<\/p>\n","protected":false},"author":1,"featured_media":4347,"comment_status":"closed","ping_status":"closed","sticky":false,"template":"elementor_header_footer","format":"standard","meta":{"inline_featured_image":false,"footnotes":""},"categories":[56],"tags":[62,65,61,60,64,63,66,67,57,58,59],"class_list":["post-4336","post","type-post","status-publish","format-standard","has-post-thumbnail","hentry","category-maraton","tag-maraton-de-berlin","tag-maraton-de-boston","tag-maraton-de-chicago","tag-maraton-de-nueva-york","tag-maraton-de-tokio","tag-maraton-londres","tag-record-de-espana","tag-record-del-mundo","tag-record-maraton","tag-record-media-maraton","tag-six-majors"],"yoast_head":"<!-- This site is optimized with the Yoast SEO Premium plugin v26.3 (Yoast SEO v27.0) - https:\/\/yoast.com\/product\/yoast-seo-premium-wordpress\/ -->\n<title>El R\u00e9cord del Marat\u00f3n: historia, leyendas y grandes maratonianos. - Buddy Pacer<\/title>\n<meta name=\"description\" content=\"Descubre la historia del marat\u00f3n, las maratones m\u00e1s importantes y c\u00f3mo Kelvin Kiptum y Eliud Kipchoge redefinieron el r\u00e9cord del marat\u00f3n.\" \/>\n<meta name=\"robots\" content=\"index, follow, max-snippet:-1, max-image-preview:large, max-video-preview:-1\" \/>\n<link rel=\"canonical\" href=\"https:\/\/buddypacer.com\/pt\/record-maraton\/\" \/>\n<meta property=\"og:locale\" content=\"pt_PT\" \/>\n<meta property=\"og:type\" content=\"article\" \/>\n<meta property=\"og:title\" content=\"El R\u00e9cord del Marat\u00f3n: historia, leyendas y grandes maratonianos.\" \/>\n<meta property=\"og:description\" content=\"Descubre la historia del marat\u00f3n, las maratones m\u00e1s importantes y c\u00f3mo Kelvin Kiptum y Eliud Kipchoge redefinieron el r\u00e9cord del marat\u00f3n.\" \/>\n<meta property=\"og:url\" content=\"https:\/\/buddypacer.com\/pt\/record-maraton\/\" \/>\n<meta property=\"og:site_name\" content=\"Buddy Pacer\" \/>\n<meta property=\"article:published_time\" content=\"2025-10-13T15:43:58+00:00\" \/>\n<meta property=\"article:modified_time\" content=\"2025-10-13T17:50:07+00:00\" \/>\n<meta property=\"og:image\" content=\"https:\/\/buddypacer.com\/wp-content\/uploads\/2025\/10\/peter-okwara-Ny975HgWwbQ-unsplash1-scaled.jpg\" \/>\n\t<meta property=\"og:image:width\" content=\"2560\" \/>\n\t<meta property=\"og:image:height\" content=\"2014\" \/>\n\t<meta property=\"og:image:type\" content=\"image\/jpeg\" \/>\n<meta name=\"author\" content=\"adm_buddy\" \/>\n<meta name=\"twitter:card\" content=\"summary_large_image\" \/>\n<meta name=\"twitter:label1\" content=\"Escrito por\" \/>\n\t<meta name=\"twitter:data1\" content=\"adm_buddy\" \/>\n\t<meta name=\"twitter:label2\" content=\"Tempo estimado de leitura\" \/>\n\t<meta name=\"twitter:data2\" content=\"5 minutos\" \/>\n<script type=\"application\/ld+json\" class=\"yoast-schema-graph\">{\"@context\":\"https:\/\/schema.org\",\"@graph\":[{\"@type\":\"Article\",\"@id\":\"https:\/\/buddypacer.com\/record-maraton\/#article\",\"isPartOf\":{\"@id\":\"https:\/\/buddypacer.com\/record-maraton\/\"},\"author\":{\"name\":\"adm_buddy\",\"@id\":\"https:\/\/buddypacer.com\/#\/schema\/person\/54d0bb9f55574a60fe931615234dac48\"},\"headline\":\"El R\u00e9cord del Marat\u00f3n: historia, leyendas y grandes maratonianos.\",\"datePublished\":\"2025-10-13T15:43:58+00:00\",\"dateModified\":\"2025-10-13T17:50:07+00:00\",\"mainEntityOfPage\":{\"@id\":\"https:\/\/buddypacer.com\/record-maraton\/\"},\"wordCount\":895,\"publisher\":{\"@id\":\"https:\/\/buddypacer.com\/#organization\"},\"image\":{\"@id\":\"https:\/\/buddypacer.com\/record-maraton\/#primaryimage\"},\"thumbnailUrl\":\"https:\/\/buddypacer.com\/wp-content\/uploads\/2025\/10\/peter-okwara-Ny975HgWwbQ-unsplash1-scaled.jpg\",\"keywords\":[\"marat\u00f3n de Berl\u00edn\",\"Marat\u00f3n de Bost\u00f3n\",\"marat\u00f3n de Chicago\",\"marat\u00f3n de Nueva York\",\"Marat\u00f3n de Tokio\",\"Marat\u00f3n Londres\",\"record de Espa\u00f1a\",\"r\u00e9cord del mundo\",\"record maraton\",\"record media maraton\",\"six majors\"],\"articleSection\":[\"maraton\"],\"inLanguage\":\"pt-PT\"},{\"@type\":\"WebPage\",\"@id\":\"https:\/\/buddypacer.com\/record-maraton\/\",\"url\":\"https:\/\/buddypacer.com\/record-maraton\/\",\"name\":\"El R\u00e9cord del Marat\u00f3n: historia, leyendas y grandes maratonianos. - Buddy Pacer\",\"isPartOf\":{\"@id\":\"https:\/\/buddypacer.com\/#website\"},\"primaryImageOfPage\":{\"@id\":\"https:\/\/buddypacer.com\/record-maraton\/#primaryimage\"},\"image\":{\"@id\":\"https:\/\/buddypacer.com\/record-maraton\/#primaryimage\"},\"thumbnailUrl\":\"https:\/\/buddypacer.com\/wp-content\/uploads\/2025\/10\/peter-okwara-Ny975HgWwbQ-unsplash1-scaled.jpg\",\"datePublished\":\"2025-10-13T15:43:58+00:00\",\"dateModified\":\"2025-10-13T17:50:07+00:00\",\"description\":\"Descubre la historia del marat\u00f3n, las maratones m\u00e1s importantes y c\u00f3mo Kelvin Kiptum y Eliud Kipchoge redefinieron el r\u00e9cord del marat\u00f3n.\",\"breadcrumb\":{\"@id\":\"https:\/\/buddypacer.com\/record-maraton\/#breadcrumb\"},\"inLanguage\":\"pt-PT\",\"potentialAction\":[{\"@type\":\"ReadAction\",\"target\":[\"https:\/\/buddypacer.com\/record-maraton\/\"]}]},{\"@type\":\"ImageObject\",\"inLanguage\":\"pt-PT\",\"@id\":\"https:\/\/buddypacer.com\/record-maraton\/#primaryimage\",\"url\":\"https:\/\/buddypacer.com\/wp-content\/uploads\/2025\/10\/peter-okwara-Ny975HgWwbQ-unsplash1-scaled.jpg\",\"contentUrl\":\"https:\/\/buddypacer.com\/wp-content\/uploads\/2025\/10\/peter-okwara-Ny975HgWwbQ-unsplash1-scaled.jpg\",\"width\":2560,\"height\":2014,\"caption\":\"record maraton\"},{\"@type\":\"BreadcrumbList\",\"@id\":\"https:\/\/buddypacer.com\/record-maraton\/#breadcrumb\",\"itemListElement\":[{\"@type\":\"ListItem\",\"position\":1,\"name\":\"Portada\",\"item\":\"https:\/\/buddypacer.com\/\"},{\"@type\":\"ListItem\",\"position\":2,\"name\":\"El R\u00e9cord del Marat\u00f3n: historia, leyendas y grandes maratonianos.\"}]},{\"@type\":\"WebSite\",\"@id\":\"https:\/\/buddypacer.com\/#website\",\"url\":\"https:\/\/buddypacer.com\/\",\"name\":\"BuddyPacer\",\"description\":\"Conectamos Runners\",\"publisher\":{\"@id\":\"https:\/\/buddypacer.com\/#organization\"},\"potentialAction\":[{\"@type\":\"SearchAction\",\"target\":{\"@type\":\"EntryPoint\",\"urlTemplate\":\"https:\/\/buddypacer.com\/?s={search_term_string}\"},\"query-input\":{\"@type\":\"PropertyValueSpecification\",\"valueRequired\":true,\"valueName\":\"search_term_string\"}}],\"inLanguage\":\"pt-PT\"},{\"@type\":\"Organization\",\"@id\":\"https:\/\/buddypacer.com\/#organization\",\"name\":\"BuddyPacer\",\"alternateName\":\"Conectamos Runner\",\"url\":\"https:\/\/buddypacer.com\/\",\"logo\":{\"@type\":\"ImageObject\",\"inLanguage\":\"pt-PT\",\"@id\":\"https:\/\/buddypacer.com\/#\/schema\/logo\/image\/\",\"url\":\"https:\/\/buddypacer.com\/wp-content\/uploads\/2025\/03\/Group-1.png\",\"contentUrl\":\"https:\/\/buddypacer.com\/wp-content\/uploads\/2025\/03\/Group-1.png\",\"width\":300,\"height\":103,\"caption\":\"BuddyPacer\"},\"image\":{\"@id\":\"https:\/\/buddypacer.com\/#\/schema\/logo\/image\/\"}},{\"@type\":\"Person\",\"@id\":\"https:\/\/buddypacer.com\/#\/schema\/person\/54d0bb9f55574a60fe931615234dac48\",\"name\":\"adm_buddy\",\"image\":{\"@type\":\"ImageObject\",\"inLanguage\":\"pt-PT\",\"@id\":\"https:\/\/buddypacer.com\/#\/schema\/person\/image\/\",\"url\":\"https:\/\/secure.gravatar.com\/avatar\/936edfa620015d61eb42a6cf11c84851c97033093c5cd221ae25d02e5ee4110c?s=96&d=mm&r=g\",\"contentUrl\":\"https:\/\/secure.gravatar.com\/avatar\/936edfa620015d61eb42a6cf11c84851c97033093c5cd221ae25d02e5ee4110c?s=96&d=mm&r=g\",\"caption\":\"adm_buddy\"}}]}<\/script>\n<!-- \/ Yoast SEO Premium plugin. -->","yoast_head_json":{"title":"El R\u00e9cord del Marat\u00f3n: historia, leyendas y grandes maratonianos. - Buddy Pacer","description":"Descubre la historia del marat\u00f3n, las maratones m\u00e1s importantes y c\u00f3mo Kelvin Kiptum y Eliud Kipchoge redefinieron el r\u00e9cord del marat\u00f3n.","robots":{"index":"index","follow":"follow","max-snippet":"max-snippet:-1","max-image-preview":"max-image-preview:large","max-video-preview":"max-video-preview:-1"},"canonical":"https:\/\/buddypacer.com\/pt\/record-maraton\/","og_locale":"pt_PT","og_type":"article","og_title":"El R\u00e9cord del Marat\u00f3n: historia, leyendas y grandes maratonianos.","og_description":"Descubre la historia del marat\u00f3n, las maratones m\u00e1s importantes y c\u00f3mo Kelvin Kiptum y Eliud Kipchoge redefinieron el r\u00e9cord del marat\u00f3n.","og_url":"https:\/\/buddypacer.com\/pt\/record-maraton\/","og_site_name":"Buddy Pacer","article_published_time":"2025-10-13T15:43:58+00:00","article_modified_time":"2025-10-13T17:50:07+00:00","og_image":[{"width":2560,"height":2014,"url":"https:\/\/buddypacer.com\/wp-content\/uploads\/2025\/10\/peter-okwara-Ny975HgWwbQ-unsplash1-scaled.jpg","type":"image\/jpeg"}],"author":"adm_buddy","twitter_card":"summary_large_image","twitter_misc":{"Escrito por":"adm_buddy","Tempo estimado de leitura":"5 minutos"},"schema":{"@context":"https:\/\/schema.org","@graph":[{"@type":"Article","@id":"https:\/\/buddypacer.com\/record-maraton\/#article","isPartOf":{"@id":"https:\/\/buddypacer.com\/record-maraton\/"},"author":{"name":"adm_buddy","@id":"https:\/\/buddypacer.com\/#\/schema\/person\/54d0bb9f55574a60fe931615234dac48"},"headline":"El R\u00e9cord del Marat\u00f3n: historia, leyendas y grandes maratonianos.","datePublished":"2025-10-13T15:43:58+00:00","dateModified":"2025-10-13T17:50:07+00:00","mainEntityOfPage":{"@id":"https:\/\/buddypacer.com\/record-maraton\/"},"wordCount":895,"publisher":{"@id":"https:\/\/buddypacer.com\/#organization"},"image":{"@id":"https:\/\/buddypacer.com\/record-maraton\/#primaryimage"},"thumbnailUrl":"https:\/\/buddypacer.com\/wp-content\/uploads\/2025\/10\/peter-okwara-Ny975HgWwbQ-unsplash1-scaled.jpg","keywords":["marat\u00f3n de Berl\u00edn","Marat\u00f3n de Bost\u00f3n","marat\u00f3n de Chicago","marat\u00f3n de Nueva York","Marat\u00f3n de Tokio","Marat\u00f3n Londres","record de Espa\u00f1a","r\u00e9cord del mundo","record maraton","record media maraton","six majors"],"articleSection":["maraton"],"inLanguage":"pt-PT"},{"@type":"WebPage","@id":"https:\/\/buddypacer.com\/record-maraton\/","url":"https:\/\/buddypacer.com\/record-maraton\/","name":"El R\u00e9cord del Marat\u00f3n: historia, leyendas y grandes maratonianos. - Buddy Pacer","isPartOf":{"@id":"https:\/\/buddypacer.com\/#website"},"primaryImageOfPage":{"@id":"https:\/\/buddypacer.com\/record-maraton\/#primaryimage"},"image":{"@id":"https:\/\/buddypacer.com\/record-maraton\/#primaryimage"},"thumbnailUrl":"https:\/\/buddypacer.com\/wp-content\/uploads\/2025\/10\/peter-okwara-Ny975HgWwbQ-unsplash1-scaled.jpg","datePublished":"2025-10-13T15:43:58+00:00","dateModified":"2025-10-13T17:50:07+00:00","description":"Descubre la historia del marat\u00f3n, las maratones m\u00e1s importantes y c\u00f3mo Kelvin Kiptum y Eliud Kipchoge redefinieron el r\u00e9cord del marat\u00f3n.","breadcrumb":{"@id":"https:\/\/buddypacer.com\/record-maraton\/#breadcrumb"},"inLanguage":"pt-PT","potentialAction":[{"@type":"ReadAction","target":["https:\/\/buddypacer.com\/record-maraton\/"]}]},{"@type":"ImageObject","inLanguage":"pt-PT","@id":"https:\/\/buddypacer.com\/record-maraton\/#primaryimage","url":"https:\/\/buddypacer.com\/wp-content\/uploads\/2025\/10\/peter-okwara-Ny975HgWwbQ-unsplash1-scaled.jpg","contentUrl":"https:\/\/buddypacer.com\/wp-content\/uploads\/2025\/10\/peter-okwara-Ny975HgWwbQ-unsplash1-scaled.jpg","width":2560,"height":2014,"caption":"record maraton"},{"@type":"BreadcrumbList","@id":"https:\/\/buddypacer.com\/record-maraton\/#breadcrumb","itemListElement":[{"@type":"ListItem","position":1,"name":"Portada","item":"https:\/\/buddypacer.com\/"},{"@type":"ListItem","position":2,"name":"El R\u00e9cord del Marat\u00f3n: historia, leyendas y grandes maratonianos."}]},{"@type":"WebSite","@id":"https:\/\/buddypacer.com\/#website","url":"https:\/\/buddypacer.com\/","name":"BuddyPacer","description":"Conectamos runners","publisher":{"@id":"https:\/\/buddypacer.com\/#organization"},"potentialAction":[{"@type":"SearchAction","target":{"@type":"EntryPoint","urlTemplate":"https:\/\/buddypacer.com\/?s={search_term_string}"},"query-input":{"@type":"PropertyValueSpecification","valueRequired":true,"valueName":"search_term_string"}}],"inLanguage":"pt-PT"},{"@type":"Organization","@id":"https:\/\/buddypacer.com\/#organization","name":"BuddyPacer","alternateName":"Conectamos Runner","url":"https:\/\/buddypacer.com\/","logo":{"@type":"ImageObject","inLanguage":"pt-PT","@id":"https:\/\/buddypacer.com\/#\/schema\/logo\/image\/","url":"https:\/\/buddypacer.com\/wp-content\/uploads\/2025\/03\/Group-1.png","contentUrl":"https:\/\/buddypacer.com\/wp-content\/uploads\/2025\/03\/Group-1.png","width":300,"height":103,"caption":"BuddyPacer"},"image":{"@id":"https:\/\/buddypacer.com\/#\/schema\/logo\/image\/"}},{"@type":"Person","@id":"https:\/\/buddypacer.com\/#\/schema\/person\/54d0bb9f55574a60fe931615234dac48","name":"adm_buddy","image":{"@type":"ImageObject","inLanguage":"pt-PT","@id":"https:\/\/buddypacer.com\/#\/schema\/person\/image\/","url":"https:\/\/secure.gravatar.com\/avatar\/936edfa620015d61eb42a6cf11c84851c97033093c5cd221ae25d02e5ee4110c?s=96&d=mm&r=g","contentUrl":"https:\/\/secure.gravatar.com\/avatar\/936edfa620015d61eb42a6cf11c84851c97033093c5cd221ae25d02e5ee4110c?s=96&d=mm&r=g","caption":"adm_buddy"}}]}},"_links":{"self":[{"href":"https:\/\/buddypacer.com\/pt\/wp-json\/wp\/v2\/posts\/4336","targetHints":{"allow":["GET"]}}],"collection":[{"href":"https:\/\/buddypacer.com\/pt\/wp-json\/wp\/v2\/posts"}],"about":[{"href":"https:\/\/buddypacer.com\/pt\/wp-json\/wp\/v2\/types\/post"}],"author":[{"embeddable":true,"href":"https:\/\/buddypacer.com\/pt\/wp-json\/wp\/v2\/users\/1"}],"replies":[{"embeddable":true,"href":"https:\/\/buddypacer.com\/pt\/wp-json\/wp\/v2\/comments?post=4336"}],"version-history":[{"count":46,"href":"https:\/\/buddypacer.com\/pt\/wp-json\/wp\/v2\/posts\/4336\/revisions"}],"predecessor-version":[{"id":4387,"href":"https:\/\/buddypacer.com\/pt\/wp-json\/wp\/v2\/posts\/4336\/revisions\/4387"}],"wp:featuredmedia":[{"embeddable":true,"href":"https:\/\/buddypacer.com\/pt\/wp-json\/wp\/v2\/media\/4347"}],"wp:attachment":[{"href":"https:\/\/buddypacer.com\/pt\/wp-json\/wp\/v2\/media?parent=4336"}],"wp:term":[{"taxonomy":"category","embeddable":true,"href":"https:\/\/buddypacer.com\/pt\/wp-json\/wp\/v2\/categories?post=4336"},{"taxonomy":"post_tag","embeddable":true,"href":"https:\/\/buddypacer.com\/pt\/wp-json\/wp\/v2\/tags?post=4336"}],"curies":[{"name":"wp","href":"https:\/\/api.w.org\/{rel}","templated":true}]}}