{"id":4336,"date":"2025-10-13T15:43:58","date_gmt":"2025-10-13T15:43:58","guid":{"rendered":"https:\/\/buddypacer.com\/?p=4336"},"modified":"2025-10-13T17:50:07","modified_gmt":"2025-10-13T17:50:07","slug":"record-maraton","status":"publish","type":"post","link":"https:\/\/buddypacer.com\/it\/record-maraton\/","title":{"rendered":"Il record della maratona: storia, leggende e grandi maratoneti."},"content":{"rendered":"<div data-elementor-type=\"wp-post\" data-elementor-id=\"4336\" class=\"elementor elementor-4336\" data-elementor-post-type=\"post\">\n\t\t\t\t\t\t<section class=\"elementor-section elementor-top-section elementor-element elementor-element-de00ca7 elementor-section-boxed elementor-section-height-default elementor-section-height-default\" data-id=\"de00ca7\" data-element_type=\"section\" data-e-type=\"section\">\n\t\t\t\t\t\t<div class=\"elementor-container elementor-column-gap-default\">\n\t\t\t\t\t<div class=\"elementor-column elementor-col-100 elementor-top-column elementor-element elementor-element-2cb4d8cd\" data-id=\"2cb4d8cd\" data-element_type=\"column\" data-e-type=\"column\">\n\t\t\t<div class=\"elementor-widget-wrap elementor-element-populated\">\n\t\t\t\t\t\t<div class=\"elementor-element elementor-element-98135bc elementor-widget elementor-widget-heading\" data-id=\"98135bc\" data-element_type=\"widget\" data-e-type=\"widget\" data-widget_type=\"heading.default\">\n\t\t\t\t<div class=\"elementor-widget-container\">\n\t\t\t\t\t<h1 class=\"elementor-heading-title elementor-size-default\">Il record della maratona: storia, leggende e grandi maratoneti.<\/h1>\t\t\t\t<\/div>\n\t\t\t\t<\/div>\n\t\t\t\t<div class=\"elementor-element elementor-element-324b9a0c elementor-widget elementor-widget-text-editor\" data-id=\"324b9a0c\" data-element_type=\"widget\" data-e-type=\"widget\" data-widget_type=\"text-editor.default\">\n\t\t\t\t<div class=\"elementor-widget-container\">\n\t\t\t\t\t\t\t\t\t<p class=\"translation-block\">Il <strong data-start=\"339\" data-end=\"361\">record della maratona<\/strong> simboleggia il limite della resistenza umana. Dai primi Giochi Olimpici alle imprese di <strong data-start=\"465\" data-end=\"482\">Kelvin Kiptum<\/strong> e <strong data-start=\"485\" data-end=\"503\">Eliud Kipchoge<\/strong>, correre 42,195 chilometri \u00e8 diventato una prova di precisione, strategia e mentalit\u00e0. In questo articolo ti raccontiamo la storia, i record pi\u00f9 recenti e i ritmi che definiscono l\u2019\u00e9lite mondiale del running.<\/p><p>\u00a0<\/p><section><h2>Le origini della maratona: 42,195 chilometri di storia<\/h2><p class=\"translation-block\">La maratona \u00e8 una delle prove pi\u00f9 iconiche dell\u2019atletica. La sua distanza ufficiale, <strong>42,195 km<\/strong>, fu stabilita ai Giochi Olimpici di Londra del 1908, quando si decise che la gara sarebbe partita dal <em>Castello di Windsor<\/em> e sarebbe terminata davanti al palco reale dello Stadio Olimpico di Londra. Da allora, quel numero rappresenta resistenza e superamento personale.<\/p><p>\u00a0<\/p><p class=\"translation-block\">Le sue origini risalgono all\u2019antica Grecia: il soldato <strong>Fil\u00edpides<\/strong> corse dalla citt\u00e0 di Maratona fino ad Atene per annunciare la vittoria sui persiani. Quell\u2019impresa, che gli cost\u00f2 la vita, simboleggia lo spirito di sacrificio che ispira milioni di runner in tutto il mondo.<\/p><p>\u00a0<\/p><\/section><section><h2>Le maratone pi\u00f9 importanti del mondo<\/h2><p class=\"translation-block\">Le sei prove pi\u00f9 prestigiose formano le <a href=\"https:\/\/www.worldmarathonmajors.com\/\" target=\"_self\"><strong>Abbott World Marathon Majors<\/strong><\/a>, un circuito che ogni runner sogna di completare. Chi riesce a portarle a termine tutte e sei riceve la <strong>medaglia Six Star Finisher<\/strong>, simbolo di costanza e passione per il running.<\/p><p>\u00a0<\/p><h3>Le sei Major Marathons e i loro siti ufficiali<\/h3><ul><li><a href=\"https:\/\/www.marathon.tokyo\/\" target=\"_blank\" rel=\"nofollow noopener\">Maratona di Tokyo<\/a><\/li><li><a href=\"https:\/\/www.baa.org\/\" target=\"_blank\" rel=\"nofollow noopener\">Maratona di Boston<\/a><\/li><li><a href=\"https:\/\/www.tcslondonmarathon.com\/\" target=\"_blank\" rel=\"nofollow noopener\">Maratona di Londra<\/a><\/li><li><a href=\"https:\/\/www.bmw-berlin-marathon.com\/\" target=\"_blank\" rel=\"nofollow noopener\">Maratona di Berlino<\/a><\/li><li><a href=\"https:\/\/www.chicagomarathon.com\/\" target=\"_blank\" rel=\"nofollow noopener\">Maratona di Chicago<\/a><\/li><li><a href=\"https:\/\/www.tcsnycmarathon.org\/\" target=\"_blank\" rel=\"nofollow noopener\">Maratona di New York<\/a><\/li><\/ul><p>\u00a0<\/p><\/section><section><h2>Kelvin Kiptum e il suo record della maratona<\/h2><p class=\"translation-block\">L\u2019<strong>8 ottobre 2023<\/strong>, il keniota <strong>Kelvin Kiptum<\/strong> ha fermato il cronometro su <strong>2:00:35<\/strong> durante la <a href=\"https:\/\/www.chicagomarathon.com\/\" target=\"_blank\" rel=\"nofollow noopener\">Maratona di Chicago<\/a>, stabilendo il <strong>record mondiale di maratona<\/strong>. A 23 anni, il suo stile di corsa aggressivo e la sua enorme resistenza lo hanno reso una figura leggendaria. La sua scomparsa nel febbraio 2024 ha sconvolto il mondo dello sport.<\/p><\/section><p>\u00a0<\/p><p>\u00a0<\/p><section><h2><img fetchpriority=\"high\" decoding=\"async\" class=\"size-medium wp-image-4346 aligncenter\" src=\"https:\/\/buddypacer.com\/wp-content\/uploads\/2025\/10\/michael-carruth-SYYdTxXH5_4-unsplash-300x201.jpg\" alt=\"record maraton\" width=\"300\" height=\"201\" srcset=\"https:\/\/buddypacer.com\/wp-content\/uploads\/2025\/10\/michael-carruth-SYYdTxXH5_4-unsplash-300x201.jpg 300w, https:\/\/buddypacer.com\/wp-content\/uploads\/2025\/10\/michael-carruth-SYYdTxXH5_4-unsplash-1024x685.jpg 1024w, https:\/\/buddypacer.com\/wp-content\/uploads\/2025\/10\/michael-carruth-SYYdTxXH5_4-unsplash-768x514.jpg 768w, https:\/\/buddypacer.com\/wp-content\/uploads\/2025\/10\/michael-carruth-SYYdTxXH5_4-unsplash-1536x1028.jpg 1536w, https:\/\/buddypacer.com\/wp-content\/uploads\/2025\/10\/michael-carruth-SYYdTxXH5_4-unsplash-2048x1371.jpg 2048w\" sizes=\"(max-width: 300px) 100vw, 300px\" \/><\/h2><h2>\u00a0<\/h2><h2>Eliud Kipchoge e il giorno in cui il mondo ci ha creduto<\/h2><p class=\"translation-block\">Prima di Kiptum, il re della maratona era <strong>Eliud Kipchoge<\/strong>. Nel 2019 \u00e8 stato protagonista dello storico <a href=\"https:\/\/www.instagram.com\/p\/DPtQqzLjQcb\/?img_index=1\" target=\"_self\"><strong>INEOS 1:59 Challenge<\/strong> a Vienna<\/a>, completando i <strong>42,195 km in 1:59:40<\/strong> e diventando il primo essere umano a infrangere la barriera delle due ore. Anche se non fu un record ufficiale per via delle condizioni dell\u2019evento, il suo motto cambi\u00f2 tutto:<\/p><blockquote><p><strong>No human is limited.<\/strong><\/p><\/blockquote><p class=\"translation-block\">Quel giorno fu affiancato da atleti d\u2019\u00e9lite come <strong>i fratelli Ingebrigtsen<\/strong>, dimostrando che i limiti esistono per essere sfidati.<\/p><\/section><p>\u00a0<\/p><p>\u00a0<\/p><section><p><img decoding=\"async\" class=\"alignnone size-medium wp-image-4347 aligncenter\" src=\"https:\/\/buddypacer.com\/wp-content\/uploads\/2025\/10\/peter-okwara-Ny975HgWwbQ-unsplash1-300x236.jpg\" alt=\"\" width=\"300\" height=\"236\" srcset=\"https:\/\/buddypacer.com\/wp-content\/uploads\/2025\/10\/peter-okwara-Ny975HgWwbQ-unsplash1-300x236.jpg 300w, https:\/\/buddypacer.com\/wp-content\/uploads\/2025\/10\/peter-okwara-Ny975HgWwbQ-unsplash1-1024x806.jpg 1024w, https:\/\/buddypacer.com\/wp-content\/uploads\/2025\/10\/peter-okwara-Ny975HgWwbQ-unsplash1-768x604.jpg 768w, https:\/\/buddypacer.com\/wp-content\/uploads\/2025\/10\/peter-okwara-Ny975HgWwbQ-unsplash1-1536x1208.jpg 1536w, https:\/\/buddypacer.com\/wp-content\/uploads\/2025\/10\/peter-okwara-Ny975HgWwbQ-unsplash1-2048x1611.jpg 2048w\" sizes=\"(max-width: 300px) 100vw, 300px\" \/><\/p><\/section><section><h2 data-start=\"297\" data-end=\"334\">\u00a0<\/h2><h2 data-start=\"297\" data-end=\"334\">Record mondiale di maratona femminile<\/h2><p data-start=\"336\" data-end=\"738\" class=\"translation-block\">El <strong data-start=\"339\" data-end=\"377\">r\u00e9cord mundial femenino de marat\u00f3n<\/strong> pertenece actualmente a la keniana <strong data-start=\"413\" data-end=\"434\">Peres Jepchirchir<\/strong>, quien el <strong data-start=\"445\" data-end=\"473\">14 de septiembre de 2025<\/strong> se proclam\u00f3 campeona en el <strong data-start=\"501\" data-end=\"539\">Mundial de Atletismo de Tokio 2025<\/strong>, disputado en el Estadio Nacional. Jepchirchir detuvo el cron\u00f3metro en <strong data-start=\"611\" data-end=\"622\">2:24:43<\/strong>, logrando el mejor tiempo mundial bajo condiciones de campeonato y reafirmando su dominio absoluto en la distancia.<\/p><p data-start=\"740\" data-end=\"1124\" class=\"translation-block\">Con questo risultato, l\u2019atleta keniota \u2014gi\u00e0 campionessa olimpica a Tokyo 2021 e vincitrice delle maratone di Boston e New York\u2014 conferma il suo status come una delle maratonete pi\u00f9 complete e costanti della storia.<br data-start=\"959\" data-end=\"962\">La sua vittoria in Giappone ha segnato un traguardo non solo per il tempo, ma anche per la sua regolarit\u00e0 e la capacit\u00e0 di brillare sia nelle majors sia in prove di altissimo livello.<\/p><p data-start=\"740\" data-end=\"1124\">\u00a0<\/p><h2 data-start=\"237\" data-end=\"268\">Record di maratona in Italia<\/h2><p data-start=\"270\" data-end=\"694\" class=\"translation-block\">L\u2019<strong data-start=\"273\" data-end=\"311\">attuale record italiano di maratona<\/strong> \u00e8 di <strong data-start=\"318\" data-end=\"329\">2:05:24<\/strong>, detenuto da <strong data-start=\"346\" data-end=\"364\">Yohanes Chiappinelli<\/strong>. L\u2019atleta ha ottenuto questa prestazione storica alla <strong data-start=\"417\" data-end=\"445\">Maratona di Valencia 2024<\/strong>, migliorando di 42 secondi il precedente primato di <strong data-start=\"508\" data-end=\"526\">Yeman Crippa<\/strong> (2:06:06). Con questo risultato, Chiappinelli alza ulteriormente il livello della maratona italiana e conferma l\u2019ottimo momento della squadra azzurra.<\/p><p data-start=\"270\" data-end=\"694\">\u00a0<\/p><p data-start=\"696\" data-end=\"1059\" class=\"translation-block\">In campo femminile, il <strong data-start=\"722\" data-end=\"753\">record italiano di maratona<\/strong> appartiene a <strong data-start=\"766\" data-end=\"791\">Sofiia Yaremchuk<\/strong>, che ha fermato il cronometro su <strong data-start=\"816\" data-end=\"827\">2:23:14<\/strong> alla <strong data-start=\"834\" data-end=\"862\">Maratona di Londra 2025<\/strong>. La segue da vicino <strong data-start=\"882\" data-end=\"907\">Valeria Straneo<\/strong>, che a Rotterdam 2012 ha fatto registrare un ottimo <strong data-start=\"962\" data-end=\"973\">2:23:44<\/strong>, confermando la solidit\u00e0 dell\u2019atletica femminile italiana nei 42,195 km.<\/p><p data-start=\"696\" data-end=\"1059\">\u00a0<\/p><h2 data-start=\"1066\" data-end=\"1100\">Record mondiale della mezza maratona<\/h2><p data-start=\"1102\" data-end=\"1433\" class=\"translation-block\">Il <strong data-start=\"1105\" data-end=\"1140\">record mondiale della mezza maratona<\/strong> \u00e8 stato battuto il <strong data-start=\"1153\" data-end=\"1178\">16 febbraio 2025<\/strong> alla <strong data-start=\"1185\" data-end=\"1229\">eDreams Mitja Marat\u00f3 Barcelona by Brooks<\/strong>. L\u2019ugandese <strong data-start=\"1242\" data-end=\"1259\">Jacob Kiplimo<\/strong> ha fermato il cronometro su <strong data-start=\"1282\" data-end=\"1291\">56:42<\/strong>, una prestazione impressionante che ha migliorato il suo precedente primato personale e ha consolidato Barcellona come uno dei percorsi pi\u00f9 veloci al mondo. <span data-huuid=\"8407302666307384066\">Il record mondiale femminile di mezza maratona \u00e8 di 1 ora, 2 minuti e 52 secondi<\/span><span data-huuid=\"8407302666307384066\">, stabilito dall\u2019etiope Letesenbet Gidey il 24 ottobre 2021 alla Mezza Maratona di Valencia. <span data-huuid=\"8407302666307386045\">Questo record ha superato il precedente di <\/span><\/span>1\u223604\u2236021 <span data-huuid=\"8407302666307386045\">della keniana <span class=\"M5tQyf\">Ruth Chepngetich.<\/span><span class=\"pjBG2e\" data-cid=\"c4e13590-4bd3-4c4d-a5c7-d0e769b202db\"><span class=\"UV3uM\"> <\/span><\/span><\/span><\/p><p data-start=\"1102\" data-end=\"1433\">\u00a0<\/p><h2>Conclusione<\/h2><p class=\"translation-block\">Il <strong>record della maratona<\/strong> e il record della mezza maratona non sono solo un numero; sono una storia di impegno, evoluzione e umanit\u00e0. Da <strong>Fil\u00edpides<\/strong> a <strong>Kipchoge, <\/strong><strong>Kiptum, Kiplimo o Laura Luengo<\/strong>, la maratona rappresenta l\u2019eterna ricerca dell\u2019impossibile. Pronto\/a a scrivere la tua storia? Scopri come farlo su <a class=\"decorated-link cursor-pointer\" href=\"https:\/\/buddypacer.com\/it\/about-us\/\" target=\"_blank\" rel=\"noopener\" data-start=\"1981\" data-end=\"2032\">Buddy Pacer<\/a><\/p><\/section>\t\t\t\t\t\t\t\t<\/div>\n\t\t\t\t<\/div>\n\t\t\t\t\t<\/div>\n\t\t<\/div>\n\t\t\t\t\t<\/div>\n\t\t<\/section>\n\t\t\t\t<\/div>","protected":false},"excerpt":{"rendered":"<p>El R\u00e9cord del Marat\u00f3n: historia, leyendas y grandes maratonianos El r\u00e9cord del marat\u00f3n simboliza el l\u00edmite de la resistencia humana. Desde los primeros Juegos Ol\u00edmpicos hasta las haza\u00f1as de Kelvin Kiptum y Eliud Kipchoge, correr 42,195 kil\u00f3metros se ha convertido en una prueba de precisi\u00f3n, estrategia y mentalidad. En este art\u00edculo te contamos la historia, [&hellip;]<\/p>\n","protected":false},"author":1,"featured_media":4347,"comment_status":"closed","ping_status":"closed","sticky":false,"template":"elementor_header_footer","format":"standard","meta":{"inline_featured_image":false,"footnotes":""},"categories":[56],"tags":[62,65,61,60,64,63,66,67,57,58,59],"class_list":["post-4336","post","type-post","status-publish","format-standard","has-post-thumbnail","hentry","category-maraton","tag-maraton-de-berlin","tag-maraton-de-boston","tag-maraton-de-chicago","tag-maraton-de-nueva-york","tag-maraton-de-tokio","tag-maraton-londres","tag-record-de-espana","tag-record-del-mundo","tag-record-maraton","tag-record-media-maraton","tag-six-majors"],"yoast_head":"<!-- This site is optimized with the Yoast SEO Premium plugin v26.3 (Yoast SEO v27.0) - https:\/\/yoast.com\/product\/yoast-seo-premium-wordpress\/ -->\n<title>El R\u00e9cord del Marat\u00f3n: historia, leyendas y grandes maratonianos. - Buddy Pacer<\/title>\n<meta name=\"description\" content=\"Descubre la historia del marat\u00f3n, las maratones m\u00e1s importantes y c\u00f3mo Kelvin Kiptum y Eliud Kipchoge redefinieron el r\u00e9cord del marat\u00f3n.\" \/>\n<meta name=\"robots\" content=\"index, follow, max-snippet:-1, max-image-preview:large, max-video-preview:-1\" \/>\n<link rel=\"canonical\" href=\"https:\/\/buddypacer.com\/it\/record-maraton\/\" \/>\n<meta property=\"og:locale\" content=\"it_IT\" \/>\n<meta property=\"og:type\" content=\"article\" \/>\n<meta property=\"og:title\" content=\"El R\u00e9cord del Marat\u00f3n: historia, leyendas y grandes maratonianos.\" \/>\n<meta property=\"og:description\" content=\"Descubre la historia del marat\u00f3n, las maratones m\u00e1s importantes y c\u00f3mo Kelvin Kiptum y Eliud Kipchoge redefinieron el r\u00e9cord del marat\u00f3n.\" \/>\n<meta property=\"og:url\" content=\"https:\/\/buddypacer.com\/it\/record-maraton\/\" \/>\n<meta property=\"og:site_name\" content=\"Buddy Pacer\" \/>\n<meta property=\"article:published_time\" content=\"2025-10-13T15:43:58+00:00\" \/>\n<meta property=\"article:modified_time\" content=\"2025-10-13T17:50:07+00:00\" \/>\n<meta property=\"og:image\" content=\"https:\/\/buddypacer.com\/wp-content\/uploads\/2025\/10\/peter-okwara-Ny975HgWwbQ-unsplash1-scaled.jpg\" \/>\n\t<meta property=\"og:image:width\" content=\"2560\" \/>\n\t<meta property=\"og:image:height\" content=\"2014\" \/>\n\t<meta property=\"og:image:type\" content=\"image\/jpeg\" \/>\n<meta name=\"author\" content=\"adm_buddy\" \/>\n<meta name=\"twitter:card\" content=\"summary_large_image\" \/>\n<meta name=\"twitter:label1\" content=\"Scritto da\" \/>\n\t<meta name=\"twitter:data1\" content=\"adm_buddy\" \/>\n\t<meta name=\"twitter:label2\" content=\"Tempo di lettura stimato\" \/>\n\t<meta name=\"twitter:data2\" content=\"5 minuti\" \/>\n<script type=\"application\/ld+json\" class=\"yoast-schema-graph\">{\"@context\":\"https:\/\/schema.org\",\"@graph\":[{\"@type\":\"Article\",\"@id\":\"https:\/\/buddypacer.com\/record-maraton\/#article\",\"isPartOf\":{\"@id\":\"https:\/\/buddypacer.com\/record-maraton\/\"},\"author\":{\"name\":\"adm_buddy\",\"@id\":\"https:\/\/buddypacer.com\/#\/schema\/person\/54d0bb9f55574a60fe931615234dac48\"},\"headline\":\"El R\u00e9cord del Marat\u00f3n: historia, leyendas y grandes maratonianos.\",\"datePublished\":\"2025-10-13T15:43:58+00:00\",\"dateModified\":\"2025-10-13T17:50:07+00:00\",\"mainEntityOfPage\":{\"@id\":\"https:\/\/buddypacer.com\/record-maraton\/\"},\"wordCount\":895,\"publisher\":{\"@id\":\"https:\/\/buddypacer.com\/#organization\"},\"image\":{\"@id\":\"https:\/\/buddypacer.com\/record-maraton\/#primaryimage\"},\"thumbnailUrl\":\"https:\/\/buddypacer.com\/wp-content\/uploads\/2025\/10\/peter-okwara-Ny975HgWwbQ-unsplash1-scaled.jpg\",\"keywords\":[\"marat\u00f3n de Berl\u00edn\",\"Marat\u00f3n de Bost\u00f3n\",\"marat\u00f3n de Chicago\",\"marat\u00f3n de Nueva York\",\"Marat\u00f3n de Tokio\",\"Marat\u00f3n Londres\",\"record de Espa\u00f1a\",\"r\u00e9cord del mundo\",\"record maraton\",\"record media maraton\",\"six majors\"],\"articleSection\":[\"maraton\"],\"inLanguage\":\"it-IT\"},{\"@type\":\"WebPage\",\"@id\":\"https:\/\/buddypacer.com\/record-maraton\/\",\"url\":\"https:\/\/buddypacer.com\/record-maraton\/\",\"name\":\"El R\u00e9cord del Marat\u00f3n: historia, leyendas y grandes maratonianos. - Buddy Pacer\",\"isPartOf\":{\"@id\":\"https:\/\/buddypacer.com\/#website\"},\"primaryImageOfPage\":{\"@id\":\"https:\/\/buddypacer.com\/record-maraton\/#primaryimage\"},\"image\":{\"@id\":\"https:\/\/buddypacer.com\/record-maraton\/#primaryimage\"},\"thumbnailUrl\":\"https:\/\/buddypacer.com\/wp-content\/uploads\/2025\/10\/peter-okwara-Ny975HgWwbQ-unsplash1-scaled.jpg\",\"datePublished\":\"2025-10-13T15:43:58+00:00\",\"dateModified\":\"2025-10-13T17:50:07+00:00\",\"description\":\"Descubre la historia del marat\u00f3n, las maratones m\u00e1s importantes y c\u00f3mo Kelvin Kiptum y Eliud Kipchoge redefinieron el r\u00e9cord del marat\u00f3n.\",\"breadcrumb\":{\"@id\":\"https:\/\/buddypacer.com\/record-maraton\/#breadcrumb\"},\"inLanguage\":\"it-IT\",\"potentialAction\":[{\"@type\":\"ReadAction\",\"target\":[\"https:\/\/buddypacer.com\/record-maraton\/\"]}]},{\"@type\":\"ImageObject\",\"inLanguage\":\"it-IT\",\"@id\":\"https:\/\/buddypacer.com\/record-maraton\/#primaryimage\",\"url\":\"https:\/\/buddypacer.com\/wp-content\/uploads\/2025\/10\/peter-okwara-Ny975HgWwbQ-unsplash1-scaled.jpg\",\"contentUrl\":\"https:\/\/buddypacer.com\/wp-content\/uploads\/2025\/10\/peter-okwara-Ny975HgWwbQ-unsplash1-scaled.jpg\",\"width\":2560,\"height\":2014,\"caption\":\"record maraton\"},{\"@type\":\"BreadcrumbList\",\"@id\":\"https:\/\/buddypacer.com\/record-maraton\/#breadcrumb\",\"itemListElement\":[{\"@type\":\"ListItem\",\"position\":1,\"name\":\"Portada\",\"item\":\"https:\/\/buddypacer.com\/\"},{\"@type\":\"ListItem\",\"position\":2,\"name\":\"El R\u00e9cord del Marat\u00f3n: historia, leyendas y grandes maratonianos.\"}]},{\"@type\":\"WebSite\",\"@id\":\"https:\/\/buddypacer.com\/#website\",\"url\":\"https:\/\/buddypacer.com\/\",\"name\":\"BuddyPacer\",\"description\":\"Conectamos Runners\",\"publisher\":{\"@id\":\"https:\/\/buddypacer.com\/#organization\"},\"potentialAction\":[{\"@type\":\"SearchAction\",\"target\":{\"@type\":\"EntryPoint\",\"urlTemplate\":\"https:\/\/buddypacer.com\/?s={search_term_string}\"},\"query-input\":{\"@type\":\"PropertyValueSpecification\",\"valueRequired\":true,\"valueName\":\"search_term_string\"}}],\"inLanguage\":\"it-IT\"},{\"@type\":\"Organization\",\"@id\":\"https:\/\/buddypacer.com\/#organization\",\"name\":\"BuddyPacer\",\"alternateName\":\"Conectamos Runner\",\"url\":\"https:\/\/buddypacer.com\/\",\"logo\":{\"@type\":\"ImageObject\",\"inLanguage\":\"it-IT\",\"@id\":\"https:\/\/buddypacer.com\/#\/schema\/logo\/image\/\",\"url\":\"https:\/\/buddypacer.com\/wp-content\/uploads\/2025\/03\/Group-1.png\",\"contentUrl\":\"https:\/\/buddypacer.com\/wp-content\/uploads\/2025\/03\/Group-1.png\",\"width\":300,\"height\":103,\"caption\":\"BuddyPacer\"},\"image\":{\"@id\":\"https:\/\/buddypacer.com\/#\/schema\/logo\/image\/\"}},{\"@type\":\"Person\",\"@id\":\"https:\/\/buddypacer.com\/#\/schema\/person\/54d0bb9f55574a60fe931615234dac48\",\"name\":\"adm_buddy\",\"image\":{\"@type\":\"ImageObject\",\"inLanguage\":\"it-IT\",\"@id\":\"https:\/\/buddypacer.com\/#\/schema\/person\/image\/\",\"url\":\"https:\/\/secure.gravatar.com\/avatar\/936edfa620015d61eb42a6cf11c84851c97033093c5cd221ae25d02e5ee4110c?s=96&d=mm&r=g\",\"contentUrl\":\"https:\/\/secure.gravatar.com\/avatar\/936edfa620015d61eb42a6cf11c84851c97033093c5cd221ae25d02e5ee4110c?s=96&d=mm&r=g\",\"caption\":\"adm_buddy\"}}]}<\/script>\n<!-- \/ Yoast SEO Premium plugin. -->","yoast_head_json":{"title":"El R\u00e9cord del Marat\u00f3n: historia, leyendas y grandes maratonianos. - Buddy Pacer","description":"Descubre la historia del marat\u00f3n, las maratones m\u00e1s importantes y c\u00f3mo Kelvin Kiptum y Eliud Kipchoge redefinieron el r\u00e9cord del marat\u00f3n.","robots":{"index":"index","follow":"follow","max-snippet":"max-snippet:-1","max-image-preview":"max-image-preview:large","max-video-preview":"max-video-preview:-1"},"canonical":"https:\/\/buddypacer.com\/it\/record-maraton\/","og_locale":"it_IT","og_type":"article","og_title":"El R\u00e9cord del Marat\u00f3n: historia, leyendas y grandes maratonianos.","og_description":"Descubre la historia del marat\u00f3n, las maratones m\u00e1s importantes y c\u00f3mo Kelvin Kiptum y Eliud Kipchoge redefinieron el r\u00e9cord del marat\u00f3n.","og_url":"https:\/\/buddypacer.com\/it\/record-maraton\/","og_site_name":"Buddy Pacer","article_published_time":"2025-10-13T15:43:58+00:00","article_modified_time":"2025-10-13T17:50:07+00:00","og_image":[{"width":2560,"height":2014,"url":"https:\/\/buddypacer.com\/wp-content\/uploads\/2025\/10\/peter-okwara-Ny975HgWwbQ-unsplash1-scaled.jpg","type":"image\/jpeg"}],"author":"adm_buddy","twitter_card":"summary_large_image","twitter_misc":{"Scritto da":"adm_buddy","Tempo di lettura stimato":"5 minuti"},"schema":{"@context":"https:\/\/schema.org","@graph":[{"@type":"Article","@id":"https:\/\/buddypacer.com\/record-maraton\/#article","isPartOf":{"@id":"https:\/\/buddypacer.com\/record-maraton\/"},"author":{"name":"adm_buddy","@id":"https:\/\/buddypacer.com\/#\/schema\/person\/54d0bb9f55574a60fe931615234dac48"},"headline":"El R\u00e9cord del Marat\u00f3n: historia, leyendas y grandes maratonianos.","datePublished":"2025-10-13T15:43:58+00:00","dateModified":"2025-10-13T17:50:07+00:00","mainEntityOfPage":{"@id":"https:\/\/buddypacer.com\/record-maraton\/"},"wordCount":895,"publisher":{"@id":"https:\/\/buddypacer.com\/#organization"},"image":{"@id":"https:\/\/buddypacer.com\/record-maraton\/#primaryimage"},"thumbnailUrl":"https:\/\/buddypacer.com\/wp-content\/uploads\/2025\/10\/peter-okwara-Ny975HgWwbQ-unsplash1-scaled.jpg","keywords":["marat\u00f3n de Berl\u00edn","Marat\u00f3n de Bost\u00f3n","marat\u00f3n de Chicago","marat\u00f3n de Nueva York","Marat\u00f3n de Tokio","Marat\u00f3n Londres","record de Espa\u00f1a","r\u00e9cord del mundo","record maraton","record media maraton","six majors"],"articleSection":["maraton"],"inLanguage":"it-IT"},{"@type":"WebPage","@id":"https:\/\/buddypacer.com\/record-maraton\/","url":"https:\/\/buddypacer.com\/record-maraton\/","name":"El R\u00e9cord del Marat\u00f3n: historia, leyendas y grandes maratonianos. - Buddy Pacer","isPartOf":{"@id":"https:\/\/buddypacer.com\/#website"},"primaryImageOfPage":{"@id":"https:\/\/buddypacer.com\/record-maraton\/#primaryimage"},"image":{"@id":"https:\/\/buddypacer.com\/record-maraton\/#primaryimage"},"thumbnailUrl":"https:\/\/buddypacer.com\/wp-content\/uploads\/2025\/10\/peter-okwara-Ny975HgWwbQ-unsplash1-scaled.jpg","datePublished":"2025-10-13T15:43:58+00:00","dateModified":"2025-10-13T17:50:07+00:00","description":"Descubre la historia del marat\u00f3n, las maratones m\u00e1s importantes y c\u00f3mo Kelvin Kiptum y Eliud Kipchoge redefinieron el r\u00e9cord del marat\u00f3n.","breadcrumb":{"@id":"https:\/\/buddypacer.com\/record-maraton\/#breadcrumb"},"inLanguage":"it-IT","potentialAction":[{"@type":"ReadAction","target":["https:\/\/buddypacer.com\/record-maraton\/"]}]},{"@type":"ImageObject","inLanguage":"it-IT","@id":"https:\/\/buddypacer.com\/record-maraton\/#primaryimage","url":"https:\/\/buddypacer.com\/wp-content\/uploads\/2025\/10\/peter-okwara-Ny975HgWwbQ-unsplash1-scaled.jpg","contentUrl":"https:\/\/buddypacer.com\/wp-content\/uploads\/2025\/10\/peter-okwara-Ny975HgWwbQ-unsplash1-scaled.jpg","width":2560,"height":2014,"caption":"record maraton"},{"@type":"BreadcrumbList","@id":"https:\/\/buddypacer.com\/record-maraton\/#breadcrumb","itemListElement":[{"@type":"ListItem","position":1,"name":"Portada","item":"https:\/\/buddypacer.com\/"},{"@type":"ListItem","position":2,"name":"El R\u00e9cord del Marat\u00f3n: historia, leyendas y grandes maratonianos."}]},{"@type":"WebSite","@id":"https:\/\/buddypacer.com\/#website","url":"https:\/\/buddypacer.com\/","name":"BuddyPacer","description":"Connettiamo runner","publisher":{"@id":"https:\/\/buddypacer.com\/#organization"},"potentialAction":[{"@type":"SearchAction","target":{"@type":"EntryPoint","urlTemplate":"https:\/\/buddypacer.com\/?s={search_term_string}"},"query-input":{"@type":"PropertyValueSpecification","valueRequired":true,"valueName":"search_term_string"}}],"inLanguage":"it-IT"},{"@type":"Organization","@id":"https:\/\/buddypacer.com\/#organization","name":"BuddyPacer","alternateName":"Conectamos Runner","url":"https:\/\/buddypacer.com\/","logo":{"@type":"ImageObject","inLanguage":"it-IT","@id":"https:\/\/buddypacer.com\/#\/schema\/logo\/image\/","url":"https:\/\/buddypacer.com\/wp-content\/uploads\/2025\/03\/Group-1.png","contentUrl":"https:\/\/buddypacer.com\/wp-content\/uploads\/2025\/03\/Group-1.png","width":300,"height":103,"caption":"BuddyPacer"},"image":{"@id":"https:\/\/buddypacer.com\/#\/schema\/logo\/image\/"}},{"@type":"Person","@id":"https:\/\/buddypacer.com\/#\/schema\/person\/54d0bb9f55574a60fe931615234dac48","name":"adm_buddy","image":{"@type":"ImageObject","inLanguage":"it-IT","@id":"https:\/\/buddypacer.com\/#\/schema\/person\/image\/","url":"https:\/\/secure.gravatar.com\/avatar\/936edfa620015d61eb42a6cf11c84851c97033093c5cd221ae25d02e5ee4110c?s=96&d=mm&r=g","contentUrl":"https:\/\/secure.gravatar.com\/avatar\/936edfa620015d61eb42a6cf11c84851c97033093c5cd221ae25d02e5ee4110c?s=96&d=mm&r=g","caption":"adm_buddy"}}]}},"_links":{"self":[{"href":"https:\/\/buddypacer.com\/it\/wp-json\/wp\/v2\/posts\/4336","targetHints":{"allow":["GET"]}}],"collection":[{"href":"https:\/\/buddypacer.com\/it\/wp-json\/wp\/v2\/posts"}],"about":[{"href":"https:\/\/buddypacer.com\/it\/wp-json\/wp\/v2\/types\/post"}],"author":[{"embeddable":true,"href":"https:\/\/buddypacer.com\/it\/wp-json\/wp\/v2\/users\/1"}],"replies":[{"embeddable":true,"href":"https:\/\/buddypacer.com\/it\/wp-json\/wp\/v2\/comments?post=4336"}],"version-history":[{"count":46,"href":"https:\/\/buddypacer.com\/it\/wp-json\/wp\/v2\/posts\/4336\/revisions"}],"predecessor-version":[{"id":4387,"href":"https:\/\/buddypacer.com\/it\/wp-json\/wp\/v2\/posts\/4336\/revisions\/4387"}],"wp:featuredmedia":[{"embeddable":true,"href":"https:\/\/buddypacer.com\/it\/wp-json\/wp\/v2\/media\/4347"}],"wp:attachment":[{"href":"https:\/\/buddypacer.com\/it\/wp-json\/wp\/v2\/media?parent=4336"}],"wp:term":[{"taxonomy":"category","embeddable":true,"href":"https:\/\/buddypacer.com\/it\/wp-json\/wp\/v2\/categories?post=4336"},{"taxonomy":"post_tag","embeddable":true,"href":"https:\/\/buddypacer.com\/it\/wp-json\/wp\/v2\/tags?post=4336"}],"curies":[{"name":"wp","href":"https:\/\/api.w.org\/{rel}","templated":true}]}}