{"id":4493,"date":"2025-10-21T14:47:31","date_gmt":"2025-10-21T14:47:31","guid":{"rendered":"https:\/\/buddypacer.com\/?p=4493"},"modified":"2025-11-13T10:39:58","modified_gmt":"2025-11-13T10:39:58","slug":"entrevista-en-antes-de-que-amanezca","status":"publish","type":"post","link":"https:\/\/buddypacer.com\/fr\/entrevista-en-antes-de-que-amanezca\/","title":{"rendered":"Entretien sur \"Antes de que Amanezca\""},"content":{"rendered":"<div data-elementor-type=\"wp-post\" data-elementor-id=\"4493\" class=\"elementor elementor-4493\" data-elementor-post-type=\"post\">\n\t\t\t\t\t\t<section class=\"elementor-section elementor-top-section elementor-element elementor-element-1914ffd elementor-section-boxed elementor-section-height-default elementor-section-height-default\" data-id=\"1914ffd\" data-element_type=\"section\" data-e-type=\"section\">\n\t\t\t\t\t\t<div class=\"elementor-container elementor-column-gap-default\">\n\t\t\t\t\t<div class=\"elementor-column elementor-col-100 elementor-top-column elementor-element elementor-element-ebdf719\" data-id=\"ebdf719\" data-element_type=\"column\" data-e-type=\"column\">\n\t\t\t<div class=\"elementor-widget-wrap elementor-element-populated\">\n\t\t\t\t\t\t<div class=\"elementor-element elementor-element-eecd721 elementor-widget elementor-widget-heading\" data-id=\"eecd721\" data-element_type=\"widget\" data-e-type=\"widget\" data-widget_type=\"heading.default\">\n\t\t\t\t<div class=\"elementor-widget-container\">\n\t\t\t\t\t<h1 class=\"elementor-heading-title elementor-size-default\"><h1>Notre premi\u00e8re interview dans les m\u00e9dias<\/h1><\/h1>\t\t\t\t<\/div>\n\t\t\t\t<\/div>\n\t\t\t\t\t<\/div>\n\t\t<\/div>\n\t\t\t\t\t<\/div>\n\t\t<\/section>\n\t\t\t\t<section class=\"elementor-section elementor-top-section elementor-element elementor-element-11e53ab elementor-section-boxed elementor-section-height-default elementor-section-height-default\" data-id=\"11e53ab\" data-element_type=\"section\" data-e-type=\"section\">\n\t\t\t\t\t\t<div class=\"elementor-container elementor-column-gap-default\">\n\t\t\t\t\t<div class=\"elementor-column elementor-col-100 elementor-top-column elementor-element elementor-element-1c40ce75\" data-id=\"1c40ce75\" data-element_type=\"column\" data-e-type=\"column\">\n\t\t\t<div class=\"elementor-widget-wrap elementor-element-populated\">\n\t\t\t\t\t\t<div class=\"elementor-element elementor-element-51d48126 elementor-widget elementor-widget-text-editor\" data-id=\"51d48126\" data-element_type=\"widget\" data-e-type=\"widget\" data-widget_type=\"text-editor.default\">\n\t\t\t\t<div class=\"elementor-widget-container\">\n\t\t\t\t\t\t\t\t\t<p class=\"translation-block\"><span class=\"break-words tvm-parent-container\"><span dir=\"ltr\">Aujourd\u2019hui, j\u2019ai eu l\u2019opportunit\u00e9 de raconter sur Intereconom\u00eda, dans l\u2019\u00e9mission Antes de que Amanezca de <a id=\"ember7263\" class=\"ember-view\" href=\"https:\/\/www.linkedin.com\/in\/guillermowillysancho-antesdequeamanezca\/\" target=\"_self\">Guillermo \u2018Willy\u2019 Sancho Muela<\/a>, l\u2019histoire de la naissance de <a class=\"pwHwmXBqmofSClxsctVkNQQzvNIASaSVkFYLg\" href=\"https:\/\/buddypacer.com\/fr\/about-us\/\" data-test-app-aware-link=\"\" target=\"_self\">Buddy Pacer<\/a> : d\u2019o\u00f9 vient l\u2019id\u00e9e, le nom, l\u2019inspiration, notre public cible, le chemin parcouru et ce que nous esp\u00e9rons pour l\u2019avenir. Voici le r\u00e9sum\u00e9 de notre premi\u00e8re interview.<\/span><\/span><\/p><p class=\"translation-block\"><span class=\"break-words tvm-parent-container\"><span dir=\"ltr\">Tu peux \u00e9couter l\u2019interview compl\u00e8te<a href=\"https:\/\/open.spotify.com\/episode\/3KnDdlp8wfTCJkJDEBfMwR?si=GQSXuLihSg-K7RPj3ZxBgw\" target=\"_self\"> ici<\/a> : elle d\u00e9marre \u00e0 la minute 17.<\/span><\/span><\/p><p><span class=\"break-words tvm-parent-container\"><span dir=\"ltr\">\u00a0<\/span><\/span><\/p><h2><span class=\"break-words tvm-parent-container\"><span dir=\"ltr\"><a href=\"https:\/\/www.linkedin.com\/feed\/update\/urn:li:activity:7386394336252489728\/\"><img fetchpriority=\"high\" decoding=\"async\" class=\"aligncenter size-medium wp-image-4494\" src=\"https:\/\/buddypacer.com\/wp-content\/uploads\/2025\/10\/IMG_8561-300x225.jpg\" alt=\"entrevista Buddy Pacer\" width=\"300\" height=\"225\" srcset=\"https:\/\/buddypacer.com\/wp-content\/uploads\/2025\/10\/IMG_8561-300x225.jpg 300w, https:\/\/buddypacer.com\/wp-content\/uploads\/2025\/10\/IMG_8561-1024x768.jpg 1024w, https:\/\/buddypacer.com\/wp-content\/uploads\/2025\/10\/IMG_8561-768x576.jpg 768w, https:\/\/buddypacer.com\/wp-content\/uploads\/2025\/10\/IMG_8561-1536x1152.jpg 1536w, https:\/\/buddypacer.com\/wp-content\/uploads\/2025\/10\/IMG_8561-2048x1536.jpg 2048w\" sizes=\"(max-width: 300px) 100vw, 300px\" \/><\/a><br \/>Travailler sans rel\u00e2che, sans faire de bruit<\/span><\/span><\/h2><p><span class=\"break-words tvm-parent-container\"><span dir=\"ltr\">Cela fait longtemps que nous travaillons en silence et nous commen\u00e7ons \u00e0 voir les premiers rayons de lumi\u00e8re. De petits signes qui nous donnent beaucoup d\u2019\u00e9nergie pour continuer sur ce chemin d\u2019apprentissage continu, o\u00f9 chaque jour est un nouveau d\u00e9fi, une nouvelle occasion de nous am\u00e9liorer et un vrai bain de r\u00e9alit\u00e9 permanent.<\/span><\/span><\/p><p class=\"translation-block\">Il y a peu, en \u00e9coutant le podcast <a class=\"pwHwmXBqmofSClxsctVkNQQzvNIASaSVkFYLg\" href=\"https:\/\/www.linkedin.com\/company\/as-empec\/\" target=\"_self\" data-test-app-aware-link=\"\">As\u00ed empec\u00e9<\/a> de <a id=\"ember7264\" class=\"ember-view\" href=\"https:\/\/www.linkedin.com\/in\/beltrn-espinosa-de-los-monteros-69255b50\/\" target=\"_self\">Beltr\u00e1n Espinosa de los Monteros<\/a>, o\u00f9 il interviewait <a id=\"ember7265\" class=\"ember-view\" href=\"https:\/\/www.linkedin.com\/in\/sergiofurio\/\" target=\"_self\">Sergio Furio<\/a> (Creditas), il disait :<br>\u00ab Le plus important, c\u2019est l\u2019\u00e9nergie ; sans \u00e9nergie, l\u2019entreprise meurt. \u00bb<\/p><p>Chaque jour, je me r\u00e9p\u00e8te ces mots : la mesure de notre effort, c\u2019est ce qui fait avancer Buddy Pacer. Pour moi, le carburant de cette \u00e9nergie, c\u2019est l\u2019enthousiasme, la vision claire de la direction que nous voulons prendre et l\u2019engagement quotidien pour la rendre r\u00e9elle. Ex\u00e9cuter et it\u00e9rer. Encore et encore. Et toujours pers\u00e9v\u00e9rer.<\/p><p>Ce m\u00e9lange de vision et d\u2019ex\u00e9cution, de r\u00eave et d\u2019action, c\u2019est exactement ce qui nous anime.<\/p><p class=\"translation-block\">Nous en sommes \u00e0 ce moment du chemin o\u00f9 les premi\u00e8res pi\u00e8ces du puzzle commencent \u00e0 s\u2019embo\u00eeter. O\u00f9 la vision se transforme en r\u00e9alit\u00e9. J\u2019ai beaucoup aim\u00e9 une phrase de <a id=\"ember7266\" class=\"ember-view\" href=\"https:\/\/www.linkedin.com\/in\/emiliofrojan\/\" target=\"_self\">Emilio Froj\u00e1n<\/a> (Velca), quand il d\u00e9finissait le fondateur d\u2019une entreprise comme la lettre W de l\u2019alphabet : \u00ab vendeur visionnaire \u00bb. Il faut avoir beaucoup des deux.<\/p><p>Si tu veux d\u00e9couvrir notre histoire et comprendre pourquoi nous pensons que courir accompagn\u00e9 peut changer notre fa\u00e7on de nous entra\u00eener et de nous connecter, je t\u2019invite \u00e0 nous suivre et \u00e0 en savoir plus sur :<\/p><p>\ud83d\udcf8 Instagram: <a class=\"pwHwmXBqmofSClxsctVkNQQzvNIASaSVkFYLg\" tabindex=\"0\" href=\"https:\/\/lnkd.in\/d6B-RtHY\" target=\"_self\" data-test-app-aware-link=\"\">https:\/\/www.instagram.com\/buddypacer_app\/<\/a><\/p>\t\t\t\t\t\t\t\t<\/div>\n\t\t\t\t<\/div>\n\t\t\t\t\t<\/div>\n\t\t<\/div>\n\t\t\t\t\t<\/div>\n\t\t<\/section>\n\t\t\t\t<\/div>","protected":false},"excerpt":{"rendered":"<p>Nuestra primera entrevista en medios Hoy he tenido la oportunidad de compartir en Intereconom\u00eda en Antes de que Amanezca de Guillermo &#8216;Willy&#8217; Sancho Muela la historia de c\u00f3mo nace Buddy Pacer: de d\u00f3nde surge la idea, el nombre, la inspiraci\u00f3n, nuestro p\u00fablico objetivo, el camino recorrido y lo que esperamos del futuro. Este es el [&hellip;]<\/p>\n","protected":false},"author":1,"featured_media":4494,"comment_status":"closed","ping_status":"closed","sticky":false,"template":"elementor_header_footer","format":"standard","meta":{"inline_featured_image":false,"footnotes":""},"categories":[1],"tags":[],"class_list":["post-4493","post","type-post","status-publish","format-standard","has-post-thumbnail","hentry","category-uncategorized"],"yoast_head":"<!-- This site is optimized with the Yoast SEO Premium plugin v26.3 (Yoast SEO v27.0) - https:\/\/yoast.com\/product\/yoast-seo-premium-wordpress\/ -->\n<title>Entrevista en Antes de que Amanezca - Buddy Pacer<\/title>\n<meta name=\"description\" content=\"Primer entrevista en medios de Buddy Pacer. Programa Antes de que amanezca con Willy Sancho en Interconom\u00eda\" \/>\n<meta name=\"robots\" content=\"index, follow, max-snippet:-1, max-image-preview:large, max-video-preview:-1\" \/>\n<link rel=\"canonical\" href=\"https:\/\/buddypacer.com\/fr\/entrevista-en-antes-de-que-amanezca\/\" \/>\n<meta property=\"og:locale\" content=\"fr_FR\" \/>\n<meta property=\"og:type\" content=\"article\" \/>\n<meta property=\"og:title\" content=\"Entrevista en Antes de que Amanezca\" \/>\n<meta property=\"og:description\" content=\"Primer entrevista en medios de Buddy Pacer. Programa Antes de que amanezca con Willy Sancho en Interconom\u00eda\" \/>\n<meta property=\"og:url\" content=\"https:\/\/buddypacer.com\/fr\/entrevista-en-antes-de-que-amanezca\/\" \/>\n<meta property=\"og:site_name\" content=\"Buddy Pacer\" \/>\n<meta property=\"article:published_time\" content=\"2025-10-21T14:47:31+00:00\" \/>\n<meta property=\"article:modified_time\" content=\"2025-11-13T10:39:58+00:00\" \/>\n<meta property=\"og:image\" content=\"https:\/\/buddypacer.com\/wp-content\/uploads\/2025\/10\/IMG_8561-scaled.jpg\" \/>\n\t<meta property=\"og:image:width\" content=\"2560\" \/>\n\t<meta property=\"og:image:height\" content=\"1920\" \/>\n\t<meta property=\"og:image:type\" content=\"image\/jpeg\" \/>\n<meta name=\"author\" content=\"adm_buddy\" \/>\n<meta name=\"twitter:card\" content=\"summary_large_image\" \/>\n<meta name=\"twitter:label1\" content=\"\u00c9crit par\" \/>\n\t<meta name=\"twitter:data1\" content=\"adm_buddy\" \/>\n\t<meta name=\"twitter:label2\" content=\"Dur\u00e9e de lecture estim\u00e9e\" \/>\n\t<meta name=\"twitter:data2\" content=\"2 minutes\" \/>\n<script type=\"application\/ld+json\" class=\"yoast-schema-graph\">{\"@context\":\"https:\/\/schema.org\",\"@graph\":[{\"@type\":\"Article\",\"@id\":\"https:\/\/buddypacer.com\/entrevista-en-antes-de-que-amanezca\/#article\",\"isPartOf\":{\"@id\":\"https:\/\/buddypacer.com\/entrevista-en-antes-de-que-amanezca\/\"},\"author\":{\"name\":\"adm_buddy\",\"@id\":\"https:\/\/buddypacer.com\/#\/schema\/person\/54d0bb9f55574a60fe931615234dac48\"},\"headline\":\"Entrevista en Antes de que Amanezca\",\"datePublished\":\"2025-10-21T14:47:31+00:00\",\"dateModified\":\"2025-11-13T10:39:58+00:00\",\"mainEntityOfPage\":{\"@id\":\"https:\/\/buddypacer.com\/entrevista-en-antes-de-que-amanezca\/\"},\"wordCount\":355,\"publisher\":{\"@id\":\"https:\/\/buddypacer.com\/#organization\"},\"image\":{\"@id\":\"https:\/\/buddypacer.com\/entrevista-en-antes-de-que-amanezca\/#primaryimage\"},\"thumbnailUrl\":\"https:\/\/buddypacer.com\/wp-content\/uploads\/2025\/10\/IMG_8561-scaled.jpg\",\"articleSection\":[\"Uncategorized\"],\"inLanguage\":\"fr-FR\"},{\"@type\":\"WebPage\",\"@id\":\"https:\/\/buddypacer.com\/entrevista-en-antes-de-que-amanezca\/\",\"url\":\"https:\/\/buddypacer.com\/entrevista-en-antes-de-que-amanezca\/\",\"name\":\"Entrevista en Antes de que Amanezca - Buddy Pacer\",\"isPartOf\":{\"@id\":\"https:\/\/buddypacer.com\/#website\"},\"primaryImageOfPage\":{\"@id\":\"https:\/\/buddypacer.com\/entrevista-en-antes-de-que-amanezca\/#primaryimage\"},\"image\":{\"@id\":\"https:\/\/buddypacer.com\/entrevista-en-antes-de-que-amanezca\/#primaryimage\"},\"thumbnailUrl\":\"https:\/\/buddypacer.com\/wp-content\/uploads\/2025\/10\/IMG_8561-scaled.jpg\",\"datePublished\":\"2025-10-21T14:47:31+00:00\",\"dateModified\":\"2025-11-13T10:39:58+00:00\",\"description\":\"Primer entrevista en medios de Buddy Pacer. Programa Antes de que amanezca con Willy Sancho en Interconom\u00eda\",\"breadcrumb\":{\"@id\":\"https:\/\/buddypacer.com\/entrevista-en-antes-de-que-amanezca\/#breadcrumb\"},\"inLanguage\":\"fr-FR\",\"potentialAction\":[{\"@type\":\"ReadAction\",\"target\":[\"https:\/\/buddypacer.com\/entrevista-en-antes-de-que-amanezca\/\"]}]},{\"@type\":\"ImageObject\",\"inLanguage\":\"fr-FR\",\"@id\":\"https:\/\/buddypacer.com\/entrevista-en-antes-de-que-amanezca\/#primaryimage\",\"url\":\"https:\/\/buddypacer.com\/wp-content\/uploads\/2025\/10\/IMG_8561-scaled.jpg\",\"contentUrl\":\"https:\/\/buddypacer.com\/wp-content\/uploads\/2025\/10\/IMG_8561-scaled.jpg\",\"width\":2560,\"height\":1920,\"caption\":\"entrevista Buddy Pacer\"},{\"@type\":\"BreadcrumbList\",\"@id\":\"https:\/\/buddypacer.com\/entrevista-en-antes-de-que-amanezca\/#breadcrumb\",\"itemListElement\":[{\"@type\":\"ListItem\",\"position\":1,\"name\":\"Portada\",\"item\":\"https:\/\/buddypacer.com\/\"},{\"@type\":\"ListItem\",\"position\":2,\"name\":\"Entrevista en Antes de que Amanezca\"}]},{\"@type\":\"WebSite\",\"@id\":\"https:\/\/buddypacer.com\/#website\",\"url\":\"https:\/\/buddypacer.com\/\",\"name\":\"BuddyPacer\",\"description\":\"Conectamos Runners\",\"publisher\":{\"@id\":\"https:\/\/buddypacer.com\/#organization\"},\"potentialAction\":[{\"@type\":\"SearchAction\",\"target\":{\"@type\":\"EntryPoint\",\"urlTemplate\":\"https:\/\/buddypacer.com\/?s={search_term_string}\"},\"query-input\":{\"@type\":\"PropertyValueSpecification\",\"valueRequired\":true,\"valueName\":\"search_term_string\"}}],\"inLanguage\":\"fr-FR\"},{\"@type\":\"Organization\",\"@id\":\"https:\/\/buddypacer.com\/#organization\",\"name\":\"BuddyPacer\",\"alternateName\":\"Conectamos Runner\",\"url\":\"https:\/\/buddypacer.com\/\",\"logo\":{\"@type\":\"ImageObject\",\"inLanguage\":\"fr-FR\",\"@id\":\"https:\/\/buddypacer.com\/#\/schema\/logo\/image\/\",\"url\":\"https:\/\/buddypacer.com\/wp-content\/uploads\/2025\/03\/Group-1.png\",\"contentUrl\":\"https:\/\/buddypacer.com\/wp-content\/uploads\/2025\/03\/Group-1.png\",\"width\":300,\"height\":103,\"caption\":\"BuddyPacer\"},\"image\":{\"@id\":\"https:\/\/buddypacer.com\/#\/schema\/logo\/image\/\"}},{\"@type\":\"Person\",\"@id\":\"https:\/\/buddypacer.com\/#\/schema\/person\/54d0bb9f55574a60fe931615234dac48\",\"name\":\"adm_buddy\",\"image\":{\"@type\":\"ImageObject\",\"inLanguage\":\"fr-FR\",\"@id\":\"https:\/\/buddypacer.com\/#\/schema\/person\/image\/\",\"url\":\"https:\/\/secure.gravatar.com\/avatar\/936edfa620015d61eb42a6cf11c84851c97033093c5cd221ae25d02e5ee4110c?s=96&d=mm&r=g\",\"contentUrl\":\"https:\/\/secure.gravatar.com\/avatar\/936edfa620015d61eb42a6cf11c84851c97033093c5cd221ae25d02e5ee4110c?s=96&d=mm&r=g\",\"caption\":\"adm_buddy\"}}]}<\/script>\n<!-- \/ Yoast SEO Premium plugin. -->","yoast_head_json":{"title":"Entrevista en Antes de que Amanezca - Buddy Pacer","description":"Primer entrevista en medios de Buddy Pacer. Programa Antes de que amanezca con Willy Sancho en Interconom\u00eda","robots":{"index":"index","follow":"follow","max-snippet":"max-snippet:-1","max-image-preview":"max-image-preview:large","max-video-preview":"max-video-preview:-1"},"canonical":"https:\/\/buddypacer.com\/fr\/entrevista-en-antes-de-que-amanezca\/","og_locale":"fr_FR","og_type":"article","og_title":"Entrevista en Antes de que Amanezca","og_description":"Primer entrevista en medios de Buddy Pacer. Programa Antes de que amanezca con Willy Sancho en Interconom\u00eda","og_url":"https:\/\/buddypacer.com\/fr\/entrevista-en-antes-de-que-amanezca\/","og_site_name":"Buddy Pacer","article_published_time":"2025-10-21T14:47:31+00:00","article_modified_time":"2025-11-13T10:39:58+00:00","og_image":[{"width":2560,"height":1920,"url":"https:\/\/buddypacer.com\/wp-content\/uploads\/2025\/10\/IMG_8561-scaled.jpg","type":"image\/jpeg"}],"author":"adm_buddy","twitter_card":"summary_large_image","twitter_misc":{"\u00c9crit par":"adm_buddy","Dur\u00e9e de lecture estim\u00e9e":"2 minutes"},"schema":{"@context":"https:\/\/schema.org","@graph":[{"@type":"Article","@id":"https:\/\/buddypacer.com\/entrevista-en-antes-de-que-amanezca\/#article","isPartOf":{"@id":"https:\/\/buddypacer.com\/entrevista-en-antes-de-que-amanezca\/"},"author":{"name":"adm_buddy","@id":"https:\/\/buddypacer.com\/#\/schema\/person\/54d0bb9f55574a60fe931615234dac48"},"headline":"Entrevista en Antes de que Amanezca","datePublished":"2025-10-21T14:47:31+00:00","dateModified":"2025-11-13T10:39:58+00:00","mainEntityOfPage":{"@id":"https:\/\/buddypacer.com\/entrevista-en-antes-de-que-amanezca\/"},"wordCount":355,"publisher":{"@id":"https:\/\/buddypacer.com\/#organization"},"image":{"@id":"https:\/\/buddypacer.com\/entrevista-en-antes-de-que-amanezca\/#primaryimage"},"thumbnailUrl":"https:\/\/buddypacer.com\/wp-content\/uploads\/2025\/10\/IMG_8561-scaled.jpg","articleSection":["Uncategorized"],"inLanguage":"fr-FR"},{"@type":"WebPage","@id":"https:\/\/buddypacer.com\/entrevista-en-antes-de-que-amanezca\/","url":"https:\/\/buddypacer.com\/entrevista-en-antes-de-que-amanezca\/","name":"Entrevista en Antes de que Amanezca - Buddy Pacer","isPartOf":{"@id":"https:\/\/buddypacer.com\/#website"},"primaryImageOfPage":{"@id":"https:\/\/buddypacer.com\/entrevista-en-antes-de-que-amanezca\/#primaryimage"},"image":{"@id":"https:\/\/buddypacer.com\/entrevista-en-antes-de-que-amanezca\/#primaryimage"},"thumbnailUrl":"https:\/\/buddypacer.com\/wp-content\/uploads\/2025\/10\/IMG_8561-scaled.jpg","datePublished":"2025-10-21T14:47:31+00:00","dateModified":"2025-11-13T10:39:58+00:00","description":"Primer entrevista en medios de Buddy Pacer. Programa Antes de que amanezca con Willy Sancho en Interconom\u00eda","breadcrumb":{"@id":"https:\/\/buddypacer.com\/entrevista-en-antes-de-que-amanezca\/#breadcrumb"},"inLanguage":"fr-FR","potentialAction":[{"@type":"ReadAction","target":["https:\/\/buddypacer.com\/entrevista-en-antes-de-que-amanezca\/"]}]},{"@type":"ImageObject","inLanguage":"fr-FR","@id":"https:\/\/buddypacer.com\/entrevista-en-antes-de-que-amanezca\/#primaryimage","url":"https:\/\/buddypacer.com\/wp-content\/uploads\/2025\/10\/IMG_8561-scaled.jpg","contentUrl":"https:\/\/buddypacer.com\/wp-content\/uploads\/2025\/10\/IMG_8561-scaled.jpg","width":2560,"height":1920,"caption":"entrevista Buddy Pacer"},{"@type":"BreadcrumbList","@id":"https:\/\/buddypacer.com\/entrevista-en-antes-de-que-amanezca\/#breadcrumb","itemListElement":[{"@type":"ListItem","position":1,"name":"Portada","item":"https:\/\/buddypacer.com\/"},{"@type":"ListItem","position":2,"name":"Entrevista en Antes de que Amanezca"}]},{"@type":"WebSite","@id":"https:\/\/buddypacer.com\/#website","url":"https:\/\/buddypacer.com\/","name":"BuddyPacer","description":"Nous connectons les runners","publisher":{"@id":"https:\/\/buddypacer.com\/#organization"},"potentialAction":[{"@type":"SearchAction","target":{"@type":"EntryPoint","urlTemplate":"https:\/\/buddypacer.com\/?s={search_term_string}"},"query-input":{"@type":"PropertyValueSpecification","valueRequired":true,"valueName":"search_term_string"}}],"inLanguage":"fr-FR"},{"@type":"Organization","@id":"https:\/\/buddypacer.com\/#organization","name":"BuddyPacer","alternateName":"Conectamos Runner","url":"https:\/\/buddypacer.com\/","logo":{"@type":"ImageObject","inLanguage":"fr-FR","@id":"https:\/\/buddypacer.com\/#\/schema\/logo\/image\/","url":"https:\/\/buddypacer.com\/wp-content\/uploads\/2025\/03\/Group-1.png","contentUrl":"https:\/\/buddypacer.com\/wp-content\/uploads\/2025\/03\/Group-1.png","width":300,"height":103,"caption":"BuddyPacer"},"image":{"@id":"https:\/\/buddypacer.com\/#\/schema\/logo\/image\/"}},{"@type":"Person","@id":"https:\/\/buddypacer.com\/#\/schema\/person\/54d0bb9f55574a60fe931615234dac48","name":"adm_buddy","image":{"@type":"ImageObject","inLanguage":"fr-FR","@id":"https:\/\/buddypacer.com\/#\/schema\/person\/image\/","url":"https:\/\/secure.gravatar.com\/avatar\/936edfa620015d61eb42a6cf11c84851c97033093c5cd221ae25d02e5ee4110c?s=96&d=mm&r=g","contentUrl":"https:\/\/secure.gravatar.com\/avatar\/936edfa620015d61eb42a6cf11c84851c97033093c5cd221ae25d02e5ee4110c?s=96&d=mm&r=g","caption":"adm_buddy"}}]}},"_links":{"self":[{"href":"https:\/\/buddypacer.com\/fr\/wp-json\/wp\/v2\/posts\/4493","targetHints":{"allow":["GET"]}}],"collection":[{"href":"https:\/\/buddypacer.com\/fr\/wp-json\/wp\/v2\/posts"}],"about":[{"href":"https:\/\/buddypacer.com\/fr\/wp-json\/wp\/v2\/types\/post"}],"author":[{"embeddable":true,"href":"https:\/\/buddypacer.com\/fr\/wp-json\/wp\/v2\/users\/1"}],"replies":[{"embeddable":true,"href":"https:\/\/buddypacer.com\/fr\/wp-json\/wp\/v2\/comments?post=4493"}],"version-history":[{"count":16,"href":"https:\/\/buddypacer.com\/fr\/wp-json\/wp\/v2\/posts\/4493\/revisions"}],"predecessor-version":[{"id":4915,"href":"https:\/\/buddypacer.com\/fr\/wp-json\/wp\/v2\/posts\/4493\/revisions\/4915"}],"wp:featuredmedia":[{"embeddable":true,"href":"https:\/\/buddypacer.com\/fr\/wp-json\/wp\/v2\/media\/4494"}],"wp:attachment":[{"href":"https:\/\/buddypacer.com\/fr\/wp-json\/wp\/v2\/media?parent=4493"}],"wp:term":[{"taxonomy":"category","embeddable":true,"href":"https:\/\/buddypacer.com\/fr\/wp-json\/wp\/v2\/categories?post=4493"},{"taxonomy":"post_tag","embeddable":true,"href":"https:\/\/buddypacer.com\/fr\/wp-json\/wp\/v2\/tags?post=4493"}],"curies":[{"name":"wp","href":"https:\/\/api.w.org\/{rel}","templated":true}]}}