{"id":4336,"date":"2025-10-13T15:43:58","date_gmt":"2025-10-13T15:43:58","guid":{"rendered":"https:\/\/buddypacer.com\/?p=4336"},"modified":"2025-10-13T17:50:07","modified_gmt":"2025-10-13T17:50:07","slug":"record-maraton","status":"publish","type":"post","link":"https:\/\/buddypacer.com\/fr\/record-maraton\/","title":{"rendered":"Le record du marathon : histoire, l\u00e9gendes et grands marathoniens."},"content":{"rendered":"<div data-elementor-type=\"wp-post\" data-elementor-id=\"4336\" class=\"elementor elementor-4336\" data-elementor-post-type=\"post\">\n\t\t\t\t\t\t<section class=\"elementor-section elementor-top-section elementor-element elementor-element-de00ca7 elementor-section-boxed elementor-section-height-default elementor-section-height-default\" data-id=\"de00ca7\" data-element_type=\"section\" data-e-type=\"section\">\n\t\t\t\t\t\t<div class=\"elementor-container elementor-column-gap-default\">\n\t\t\t\t\t<div class=\"elementor-column elementor-col-100 elementor-top-column elementor-element elementor-element-2cb4d8cd\" data-id=\"2cb4d8cd\" data-element_type=\"column\" data-e-type=\"column\">\n\t\t\t<div class=\"elementor-widget-wrap elementor-element-populated\">\n\t\t\t\t\t\t<div class=\"elementor-element elementor-element-98135bc elementor-widget elementor-widget-heading\" data-id=\"98135bc\" data-element_type=\"widget\" data-e-type=\"widget\" data-widget_type=\"heading.default\">\n\t\t\t\t<div class=\"elementor-widget-container\">\n\t\t\t\t\t<h1 class=\"elementor-heading-title elementor-size-default\">Le record du marathon : histoire, l\u00e9gendes et grands marathoniens.<\/h1>\t\t\t\t<\/div>\n\t\t\t\t<\/div>\n\t\t\t\t<div class=\"elementor-element elementor-element-324b9a0c elementor-widget elementor-widget-text-editor\" data-id=\"324b9a0c\" data-element_type=\"widget\" data-e-type=\"widget\" data-widget_type=\"text-editor.default\">\n\t\t\t\t<div class=\"elementor-widget-container\">\n\t\t\t\t\t\t\t\t\t<p class=\"translation-block\">Le <strong data-start=\"339\" data-end=\"361\">record du marathon<\/strong> symbolise la limite de la r\u00e9sistance humaine. Des premiers Jeux olympiques aux exploits de <strong data-start=\"465\" data-end=\"482\">Kelvin Kiptum<\/strong> et <strong data-start=\"485\" data-end=\"503\">Eliud Kipchoge<\/strong>, courir 42,195 kilom\u00e8tres est devenu un d\u00e9fi de pr\u00e9cision, de strat\u00e9gie et de mental. Dans cet article, on te raconte l\u2019histoire, les records les plus r\u00e9cents et les allures qui d\u00e9finissent l\u2019\u00e9lite mondiale du running.<\/p><p>\u00a0<\/p><section><h2>L\u2019origine du marathon : 42,195 kilom\u00e8tres d\u2019histoire<\/h2><p class=\"translation-block\">Le marathon est l\u2019une des \u00e9preuves les plus embl\u00e9matiques de l\u2019athl\u00e9tisme. Sa distance officielle, <strong>42,195 km<\/strong>, a \u00e9t\u00e9 fix\u00e9e lors des Jeux olympiques de Londres en 1908, lorsqu\u2019il a \u00e9t\u00e9 d\u00e9cid\u00e9 que la course partirait du <em>ch\u00e2teau de Windsor<\/em> et se terminerait devant la tribune royale du Stade olympique de Londres. Depuis, ce chiffre incarne l\u2019endurance et le d\u00e9passement de soi.<\/p><p>\u00a0<\/p><p class=\"translation-block\">Son origine remonte \u00e0 la Gr\u00e8ce antique : le soldat <strong>Fil\u00edpides<\/strong> courut de la ville de Marathon jusqu\u2019\u00e0 Ath\u00e8nes pour annoncer la victoire sur les Perses. Cet exploit, qui lui co\u00fbta la vie, symbolise l\u2019esprit d\u2019effort qui inspire des millions de coureurs dans le monde entier.<\/p><p>\u00a0<\/p><\/section><section><h2>Les marathons les plus importants du monde<\/h2><p class=\"translation-block\">Les six \u00e9preuves les plus prestigieuses forment les <a href=\"https:\/\/www.worldmarathonmajors.com\/\" target=\"_self\"><strong>Abbott World Marathon Majors<\/strong><\/a>, un circuit que tout coureur r\u00eave de compl\u00e9ter. Ceux qui parviennent \u00e0 terminer les six re\u00e7oivent la <strong>m\u00e9daille Six Star Finisher<\/strong>, symbole de r\u00e9gularit\u00e9 et de passion pour le running.<\/p><p>\u00a0<\/p><h3>Les Six Major Marathons et leurs sites officiels<\/h3><ul><li><a href=\"https:\/\/www.marathon.tokyo\/\" target=\"_blank\" rel=\"nofollow noopener\">Marathon de Tokyo<\/a><\/li><li><a href=\"https:\/\/www.baa.org\/\" target=\"_blank\" rel=\"nofollow noopener\">Marathon de Boston<\/a><\/li><li><a href=\"https:\/\/www.tcslondonmarathon.com\/\" target=\"_blank\" rel=\"nofollow noopener\">Marathon de Londres<\/a><\/li><li><a href=\"https:\/\/www.bmw-berlin-marathon.com\/\" target=\"_blank\" rel=\"nofollow noopener\">Marathon de Berlin<\/a><\/li><li><a href=\"https:\/\/www.chicagomarathon.com\/\" target=\"_blank\" rel=\"nofollow noopener\">Marathon de Chicago<\/a><\/li><li><a href=\"https:\/\/www.tcsnycmarathon.org\/\" target=\"_blank\" rel=\"nofollow noopener\">Marathon de New York<\/a><\/li><\/ul><p>\u00a0<\/p><\/section><section><h2>Kelvin Kiptum et son record du marathon<\/h2><p class=\"translation-block\">Le <strong>8 octobre 2023<\/strong>, le K\u00e9nyan <strong>Kelvin Kiptum<\/strong> a arr\u00eat\u00e9 le chronom\u00e8tre \u00e0 <strong>2:00:35<\/strong> lors du <a href=\"https:\/\/www.chicagomarathon.com\/\" target=\"_blank\" rel=\"nofollow noopener\">Marathon de Chicago<\/a>, \u00e9tablissant le <strong>record du monde du marathon<\/strong>. \u00c0 23 ans, son style de course agressif et son immense endurance ont fait de lui une figure l\u00e9gendaire. Son d\u00e9c\u00e8s en f\u00e9vrier 2024 a boulevers\u00e9 le monde du sport.<\/p><\/section><p>\u00a0<\/p><p>\u00a0<\/p><section><h2><img fetchpriority=\"high\" decoding=\"async\" class=\"size-medium wp-image-4346 aligncenter\" src=\"https:\/\/buddypacer.com\/wp-content\/uploads\/2025\/10\/michael-carruth-SYYdTxXH5_4-unsplash-300x201.jpg\" alt=\"record maraton\" width=\"300\" height=\"201\" srcset=\"https:\/\/buddypacer.com\/wp-content\/uploads\/2025\/10\/michael-carruth-SYYdTxXH5_4-unsplash-300x201.jpg 300w, https:\/\/buddypacer.com\/wp-content\/uploads\/2025\/10\/michael-carruth-SYYdTxXH5_4-unsplash-1024x685.jpg 1024w, https:\/\/buddypacer.com\/wp-content\/uploads\/2025\/10\/michael-carruth-SYYdTxXH5_4-unsplash-768x514.jpg 768w, https:\/\/buddypacer.com\/wp-content\/uploads\/2025\/10\/michael-carruth-SYYdTxXH5_4-unsplash-1536x1028.jpg 1536w, https:\/\/buddypacer.com\/wp-content\/uploads\/2025\/10\/michael-carruth-SYYdTxXH5_4-unsplash-2048x1371.jpg 2048w\" sizes=\"(max-width: 300px) 100vw, 300px\" \/><\/h2><h2>\u00a0<\/h2><h2>Eliud Kipchoge et le jour o\u00f9 le monde y a cru<\/h2><p class=\"translation-block\">Avant Kiptum, le roi du marathon \u00e9tait <strong>Eliud Kipchoge<\/strong>. En 2019, il a marqu\u00e9 l\u2019histoire avec le <a href=\"https:\/\/www.instagram.com\/p\/DPtQqzLjQcb\/?img_index=1\" target=\"_self\"><strong>INEOS 1:59 Challenge<\/strong> \u00e0 Vienne<\/a>, en bouclant les <strong>42,195 km en 1:59:40<\/strong> et en devenant le premier \u00eatre humain \u00e0 franchir la barri\u00e8re des deux heures. M\u00eame si ce n\u2019\u00e9tait pas un record officiel en raison des conditions de l\u2019\u00e9v\u00e9nement, son slogan a tout chang\u00e9 :<\/p><blockquote><p><strong>No human is limited.<\/strong><\/p><\/blockquote><p class=\"translation-block\">Ce jour-l\u00e0, il \u00e9tait accompagn\u00e9 d\u2019athl\u00e8tes d\u2019\u00e9lite comme <strong>les fr\u00e8res Ingebrigtsen<\/strong>, montrant que les limites existent pour \u00eatre repouss\u00e9es.<\/p><\/section><p>\u00a0<\/p><p>\u00a0<\/p><section><p><img decoding=\"async\" class=\"alignnone size-medium wp-image-4347 aligncenter\" src=\"https:\/\/buddypacer.com\/wp-content\/uploads\/2025\/10\/peter-okwara-Ny975HgWwbQ-unsplash1-300x236.jpg\" alt=\"\" width=\"300\" height=\"236\" srcset=\"https:\/\/buddypacer.com\/wp-content\/uploads\/2025\/10\/peter-okwara-Ny975HgWwbQ-unsplash1-300x236.jpg 300w, https:\/\/buddypacer.com\/wp-content\/uploads\/2025\/10\/peter-okwara-Ny975HgWwbQ-unsplash1-1024x806.jpg 1024w, https:\/\/buddypacer.com\/wp-content\/uploads\/2025\/10\/peter-okwara-Ny975HgWwbQ-unsplash1-768x604.jpg 768w, https:\/\/buddypacer.com\/wp-content\/uploads\/2025\/10\/peter-okwara-Ny975HgWwbQ-unsplash1-1536x1208.jpg 1536w, https:\/\/buddypacer.com\/wp-content\/uploads\/2025\/10\/peter-okwara-Ny975HgWwbQ-unsplash1-2048x1611.jpg 2048w\" sizes=\"(max-width: 300px) 100vw, 300px\" \/><\/p><\/section><section><h2 data-start=\"297\" data-end=\"334\">\u00a0<\/h2><h2 data-start=\"297\" data-end=\"334\">Record du monde du marathon f\u00e9minin<\/h2><p data-start=\"336\" data-end=\"738\" class=\"translation-block\">El <strong data-start=\"339\" data-end=\"377\">r\u00e9cord mundial femenino de marat\u00f3n<\/strong> pertenece actualmente a la keniana <strong data-start=\"413\" data-end=\"434\">Peres Jepchirchir<\/strong>, quien el <strong data-start=\"445\" data-end=\"473\">14 de septiembre de 2025<\/strong> se proclam\u00f3 campeona en el <strong data-start=\"501\" data-end=\"539\">Mundial de Atletismo de Tokio 2025<\/strong>, disputado en el Estadio Nacional. Jepchirchir detuvo el cron\u00f3metro en <strong data-start=\"611\" data-end=\"622\">2:24:43<\/strong>, logrando el mejor tiempo mundial bajo condiciones de campeonato y reafirmando su dominio absoluto en la distancia.<\/p><p data-start=\"740\" data-end=\"1124\" class=\"translation-block\">Avec ce r\u00e9sultat, l\u2019athl\u00e8te k\u00e9nyane \u2014d\u00e9j\u00e0 championne olympique \u00e0 Tokyo 2021 et victorieuse des marathons de Boston et de New York\u2014 confirme son statut comme l\u2019une des marathoniennes les plus compl\u00e8tes et r\u00e9guli\u00e8res de l\u2019histoire.<br data-start=\"959\" data-end=\"962\">Sa victoire au Japon a marqu\u00e9 un jalon, non seulement pour le chrono, mais aussi pour sa r\u00e9gularit\u00e9 et sa capacit\u00e9 \u00e0 briller aussi bien sur les majors que sur des \u00e9preuves de tr\u00e8s haut niveau.<\/p><p data-start=\"740\" data-end=\"1124\">\u00a0<\/p><h2 data-start=\"237\" data-end=\"268\">Record du marathon en France<\/h2><p data-start=\"270\" data-end=\"694\" class=\"translation-block\">Le <strong data-start=\"273\" data-end=\"311\">record actuel de France du marathon<\/strong> est de <strong data-start=\"318\" data-end=\"329\">2:03:47<\/strong>, d\u00e9tenu par <strong data-start=\"346\" data-end=\"364\">Morhad Amdouni<\/strong>. L\u2019athl\u00e8te a r\u00e9alis\u00e9 cette performance au <strong data-start=\"417\" data-end=\"445\">Marathon de S\u00e9ville 2024<\/strong>, en am\u00e9liorant de 1:56 l\u2019ancien record sign\u00e9 par <strong data-start=\"508\" data-end=\"526\">Mehdi Fr\u00e8re<\/strong>.<\/p><p data-start=\"270\" data-end=\"694\">\u00a0<\/p><p data-start=\"696\" data-end=\"1059\" class=\"translation-block\">En cat\u00e9gorie f\u00e9minine, le <strong data-start=\"722\" data-end=\"753\">record de France du marathon<\/strong> appartient \u00e0 <strong data-start=\"766\" data-end=\"791\">Mekdes Woldu<\/strong>, qui a arr\u00eat\u00e9 le chrono \u00e0 <strong data-start=\"816\" data-end=\"827\">2:23:13<\/strong> lors du <strong data-start=\"834\" data-end=\"862\">Marathon de Barcelone 2025<\/strong>. Elle est talonn\u00e9e par <strong data-start=\"882\" data-end=\"907\">Manon Trapp<\/strong>, qui \u00e0 S\u00e9ville 2025 a sign\u00e9 un excellent temps de <strong data-start=\"962\" data-end=\"973\">2:23:38<\/strong>, confirmant la comp\u00e9titivit\u00e9 du fond f\u00e9minin fran\u00e7ais sur la distance des 42,195 km.<\/p><p data-start=\"696\" data-end=\"1059\">\u00a0<\/p><h2 data-start=\"1066\" data-end=\"1100\">Record du monde du semi-marathon<\/h2><p data-start=\"1102\" data-end=\"1433\" class=\"translation-block\">Le <strong data-start=\"1105\" data-end=\"1140\">record du monde du semi-marathon<\/strong> a \u00e9t\u00e9 battu le <strong data-start=\"1153\" data-end=\"1178\">16 f\u00e9vrier 2025<\/strong> lors de la <strong data-start=\"1185\" data-end=\"1229\">eDreams Mitja Marat\u00f3 Barcelona by Brooks<\/strong>. L\u2019Ougandais <strong data-start=\"1242\" data-end=\"1259\">Jacob Kiplimo<\/strong> a arr\u00eat\u00e9 le chronom\u00e8tre \u00e0 <strong data-start=\"1282\" data-end=\"1291\">56:42<\/strong>, une performance impressionnante qui a am\u00e9lior\u00e9 son propre record pr\u00e9c\u00e9dent et a consolid\u00e9 Barcelone comme l\u2019un des parcours les plus rapides au monde. <span data-huuid=\"8407302666307384066\">Le record du monde f\u00e9minin du semi-marathon est de 1 heure, 2 minutes et 52 secondes<\/span><span data-huuid=\"8407302666307384066\">, \u00e9tabli par l\u2019\u00c9thiopienne Letesenbet Gidey le 24 octobre 2021 lors du Semi-marathon de Valence. <span data-huuid=\"8407302666307386045\">Ce record a surpass\u00e9 le pr\u00e9c\u00e9dent de <\/span><\/span>1\u223604\u2236021 <span data-huuid=\"8407302666307386045\">de la K\u00e9nyane <span class=\"M5tQyf\">Ruth Chepngetich.<\/span><span class=\"pjBG2e\" data-cid=\"c4e13590-4bd3-4c4d-a5c7-d0e769b202db\"><span class=\"UV3uM\"> <\/span><\/span><\/span><\/p><p data-start=\"1102\" data-end=\"1433\">\u00a0<\/p><h2>Conclusion<\/h2><p class=\"translation-block\">Le <strong>record du marathon<\/strong> et le record du semi-marathon ne sont pas seulement un chiffre ; c\u2019est une histoire d\u2019effort, d\u2019\u00e9volution et d\u2019humanit\u00e9. De <strong>Fil\u00edpides<\/strong> \u00e0 <strong>Kipchoge, <\/strong><strong>Kiptum, Kiplimo ou Laura Luengo<\/strong>, le marathon incarne la qu\u00eate \u00e9ternelle de l\u2019impossible. Pr\u00eat(e) \u00e0 \u00e9crire ta propre histoire ? D\u00e9couvre comment le faire sur <a class=\"decorated-link cursor-pointer\" href=\"https:\/\/buddypacer.com\/fr\/about-us\/\" target=\"_blank\" rel=\"noopener\" data-start=\"1981\" data-end=\"2032\">Buddy Pacer<\/a><\/p><\/section>\t\t\t\t\t\t\t\t<\/div>\n\t\t\t\t<\/div>\n\t\t\t\t\t<\/div>\n\t\t<\/div>\n\t\t\t\t\t<\/div>\n\t\t<\/section>\n\t\t\t\t<\/div>","protected":false},"excerpt":{"rendered":"<p>El R\u00e9cord del Marat\u00f3n: historia, leyendas y grandes maratonianos El r\u00e9cord del marat\u00f3n simboliza el l\u00edmite de la resistencia humana. Desde los primeros Juegos Ol\u00edmpicos hasta las haza\u00f1as de Kelvin Kiptum y Eliud Kipchoge, correr 42,195 kil\u00f3metros se ha convertido en una prueba de precisi\u00f3n, estrategia y mentalidad. En este art\u00edculo te contamos la historia, [&hellip;]<\/p>\n","protected":false},"author":1,"featured_media":4347,"comment_status":"closed","ping_status":"closed","sticky":false,"template":"elementor_header_footer","format":"standard","meta":{"inline_featured_image":false,"footnotes":""},"categories":[56],"tags":[62,65,61,60,64,63,66,67,57,58,59],"class_list":["post-4336","post","type-post","status-publish","format-standard","has-post-thumbnail","hentry","category-maraton","tag-maraton-de-berlin","tag-maraton-de-boston","tag-maraton-de-chicago","tag-maraton-de-nueva-york","tag-maraton-de-tokio","tag-maraton-londres","tag-record-de-espana","tag-record-del-mundo","tag-record-maraton","tag-record-media-maraton","tag-six-majors"],"yoast_head":"<!-- This site is optimized with the Yoast SEO Premium plugin v26.3 (Yoast SEO v27.0) - https:\/\/yoast.com\/product\/yoast-seo-premium-wordpress\/ -->\n<title>El R\u00e9cord del Marat\u00f3n: historia, leyendas y grandes maratonianos. - Buddy Pacer<\/title>\n<meta name=\"description\" content=\"Descubre la historia del marat\u00f3n, las maratones m\u00e1s importantes y c\u00f3mo Kelvin Kiptum y Eliud Kipchoge redefinieron el r\u00e9cord del marat\u00f3n.\" \/>\n<meta name=\"robots\" content=\"index, follow, max-snippet:-1, max-image-preview:large, max-video-preview:-1\" \/>\n<link rel=\"canonical\" href=\"https:\/\/buddypacer.com\/fr\/record-maraton\/\" \/>\n<meta property=\"og:locale\" content=\"fr_FR\" \/>\n<meta property=\"og:type\" content=\"article\" \/>\n<meta property=\"og:title\" content=\"El R\u00e9cord del Marat\u00f3n: historia, leyendas y grandes maratonianos.\" \/>\n<meta property=\"og:description\" content=\"Descubre la historia del marat\u00f3n, las maratones m\u00e1s importantes y c\u00f3mo Kelvin Kiptum y Eliud Kipchoge redefinieron el r\u00e9cord del marat\u00f3n.\" \/>\n<meta property=\"og:url\" content=\"https:\/\/buddypacer.com\/fr\/record-maraton\/\" \/>\n<meta property=\"og:site_name\" content=\"Buddy Pacer\" \/>\n<meta property=\"article:published_time\" content=\"2025-10-13T15:43:58+00:00\" \/>\n<meta property=\"article:modified_time\" content=\"2025-10-13T17:50:07+00:00\" \/>\n<meta property=\"og:image\" content=\"https:\/\/buddypacer.com\/wp-content\/uploads\/2025\/10\/peter-okwara-Ny975HgWwbQ-unsplash1-scaled.jpg\" \/>\n\t<meta property=\"og:image:width\" content=\"2560\" \/>\n\t<meta property=\"og:image:height\" content=\"2014\" \/>\n\t<meta property=\"og:image:type\" content=\"image\/jpeg\" \/>\n<meta name=\"author\" content=\"adm_buddy\" \/>\n<meta name=\"twitter:card\" content=\"summary_large_image\" \/>\n<meta name=\"twitter:label1\" content=\"\u00c9crit par\" \/>\n\t<meta name=\"twitter:data1\" content=\"adm_buddy\" \/>\n\t<meta name=\"twitter:label2\" content=\"Dur\u00e9e de lecture estim\u00e9e\" \/>\n\t<meta name=\"twitter:data2\" content=\"5 minutes\" \/>\n<script type=\"application\/ld+json\" class=\"yoast-schema-graph\">{\"@context\":\"https:\/\/schema.org\",\"@graph\":[{\"@type\":\"Article\",\"@id\":\"https:\/\/buddypacer.com\/record-maraton\/#article\",\"isPartOf\":{\"@id\":\"https:\/\/buddypacer.com\/record-maraton\/\"},\"author\":{\"name\":\"adm_buddy\",\"@id\":\"https:\/\/buddypacer.com\/#\/schema\/person\/54d0bb9f55574a60fe931615234dac48\"},\"headline\":\"El R\u00e9cord del Marat\u00f3n: historia, leyendas y grandes maratonianos.\",\"datePublished\":\"2025-10-13T15:43:58+00:00\",\"dateModified\":\"2025-10-13T17:50:07+00:00\",\"mainEntityOfPage\":{\"@id\":\"https:\/\/buddypacer.com\/record-maraton\/\"},\"wordCount\":895,\"publisher\":{\"@id\":\"https:\/\/buddypacer.com\/#organization\"},\"image\":{\"@id\":\"https:\/\/buddypacer.com\/record-maraton\/#primaryimage\"},\"thumbnailUrl\":\"https:\/\/buddypacer.com\/wp-content\/uploads\/2025\/10\/peter-okwara-Ny975HgWwbQ-unsplash1-scaled.jpg\",\"keywords\":[\"marat\u00f3n de Berl\u00edn\",\"Marat\u00f3n de Bost\u00f3n\",\"marat\u00f3n de Chicago\",\"marat\u00f3n de Nueva York\",\"Marat\u00f3n de Tokio\",\"Marat\u00f3n Londres\",\"record de Espa\u00f1a\",\"r\u00e9cord del mundo\",\"record maraton\",\"record media maraton\",\"six majors\"],\"articleSection\":[\"maraton\"],\"inLanguage\":\"fr-FR\"},{\"@type\":\"WebPage\",\"@id\":\"https:\/\/buddypacer.com\/record-maraton\/\",\"url\":\"https:\/\/buddypacer.com\/record-maraton\/\",\"name\":\"El R\u00e9cord del Marat\u00f3n: historia, leyendas y grandes maratonianos. - Buddy Pacer\",\"isPartOf\":{\"@id\":\"https:\/\/buddypacer.com\/#website\"},\"primaryImageOfPage\":{\"@id\":\"https:\/\/buddypacer.com\/record-maraton\/#primaryimage\"},\"image\":{\"@id\":\"https:\/\/buddypacer.com\/record-maraton\/#primaryimage\"},\"thumbnailUrl\":\"https:\/\/buddypacer.com\/wp-content\/uploads\/2025\/10\/peter-okwara-Ny975HgWwbQ-unsplash1-scaled.jpg\",\"datePublished\":\"2025-10-13T15:43:58+00:00\",\"dateModified\":\"2025-10-13T17:50:07+00:00\",\"description\":\"Descubre la historia del marat\u00f3n, las maratones m\u00e1s importantes y c\u00f3mo Kelvin Kiptum y Eliud Kipchoge redefinieron el r\u00e9cord del marat\u00f3n.\",\"breadcrumb\":{\"@id\":\"https:\/\/buddypacer.com\/record-maraton\/#breadcrumb\"},\"inLanguage\":\"fr-FR\",\"potentialAction\":[{\"@type\":\"ReadAction\",\"target\":[\"https:\/\/buddypacer.com\/record-maraton\/\"]}]},{\"@type\":\"ImageObject\",\"inLanguage\":\"fr-FR\",\"@id\":\"https:\/\/buddypacer.com\/record-maraton\/#primaryimage\",\"url\":\"https:\/\/buddypacer.com\/wp-content\/uploads\/2025\/10\/peter-okwara-Ny975HgWwbQ-unsplash1-scaled.jpg\",\"contentUrl\":\"https:\/\/buddypacer.com\/wp-content\/uploads\/2025\/10\/peter-okwara-Ny975HgWwbQ-unsplash1-scaled.jpg\",\"width\":2560,\"height\":2014,\"caption\":\"record maraton\"},{\"@type\":\"BreadcrumbList\",\"@id\":\"https:\/\/buddypacer.com\/record-maraton\/#breadcrumb\",\"itemListElement\":[{\"@type\":\"ListItem\",\"position\":1,\"name\":\"Portada\",\"item\":\"https:\/\/buddypacer.com\/\"},{\"@type\":\"ListItem\",\"position\":2,\"name\":\"El R\u00e9cord del Marat\u00f3n: historia, leyendas y grandes maratonianos.\"}]},{\"@type\":\"WebSite\",\"@id\":\"https:\/\/buddypacer.com\/#website\",\"url\":\"https:\/\/buddypacer.com\/\",\"name\":\"BuddyPacer\",\"description\":\"Conectamos Runners\",\"publisher\":{\"@id\":\"https:\/\/buddypacer.com\/#organization\"},\"potentialAction\":[{\"@type\":\"SearchAction\",\"target\":{\"@type\":\"EntryPoint\",\"urlTemplate\":\"https:\/\/buddypacer.com\/?s={search_term_string}\"},\"query-input\":{\"@type\":\"PropertyValueSpecification\",\"valueRequired\":true,\"valueName\":\"search_term_string\"}}],\"inLanguage\":\"fr-FR\"},{\"@type\":\"Organization\",\"@id\":\"https:\/\/buddypacer.com\/#organization\",\"name\":\"BuddyPacer\",\"alternateName\":\"Conectamos Runner\",\"url\":\"https:\/\/buddypacer.com\/\",\"logo\":{\"@type\":\"ImageObject\",\"inLanguage\":\"fr-FR\",\"@id\":\"https:\/\/buddypacer.com\/#\/schema\/logo\/image\/\",\"url\":\"https:\/\/buddypacer.com\/wp-content\/uploads\/2025\/03\/Group-1.png\",\"contentUrl\":\"https:\/\/buddypacer.com\/wp-content\/uploads\/2025\/03\/Group-1.png\",\"width\":300,\"height\":103,\"caption\":\"BuddyPacer\"},\"image\":{\"@id\":\"https:\/\/buddypacer.com\/#\/schema\/logo\/image\/\"}},{\"@type\":\"Person\",\"@id\":\"https:\/\/buddypacer.com\/#\/schema\/person\/54d0bb9f55574a60fe931615234dac48\",\"name\":\"adm_buddy\",\"image\":{\"@type\":\"ImageObject\",\"inLanguage\":\"fr-FR\",\"@id\":\"https:\/\/buddypacer.com\/#\/schema\/person\/image\/\",\"url\":\"https:\/\/secure.gravatar.com\/avatar\/936edfa620015d61eb42a6cf11c84851c97033093c5cd221ae25d02e5ee4110c?s=96&d=mm&r=g\",\"contentUrl\":\"https:\/\/secure.gravatar.com\/avatar\/936edfa620015d61eb42a6cf11c84851c97033093c5cd221ae25d02e5ee4110c?s=96&d=mm&r=g\",\"caption\":\"adm_buddy\"}}]}<\/script>\n<!-- \/ Yoast SEO Premium plugin. -->","yoast_head_json":{"title":"El R\u00e9cord del Marat\u00f3n: historia, leyendas y grandes maratonianos. - Buddy Pacer","description":"Descubre la historia del marat\u00f3n, las maratones m\u00e1s importantes y c\u00f3mo Kelvin Kiptum y Eliud Kipchoge redefinieron el r\u00e9cord del marat\u00f3n.","robots":{"index":"index","follow":"follow","max-snippet":"max-snippet:-1","max-image-preview":"max-image-preview:large","max-video-preview":"max-video-preview:-1"},"canonical":"https:\/\/buddypacer.com\/fr\/record-maraton\/","og_locale":"fr_FR","og_type":"article","og_title":"El R\u00e9cord del Marat\u00f3n: historia, leyendas y grandes maratonianos.","og_description":"Descubre la historia del marat\u00f3n, las maratones m\u00e1s importantes y c\u00f3mo Kelvin Kiptum y Eliud Kipchoge redefinieron el r\u00e9cord del marat\u00f3n.","og_url":"https:\/\/buddypacer.com\/fr\/record-maraton\/","og_site_name":"Buddy Pacer","article_published_time":"2025-10-13T15:43:58+00:00","article_modified_time":"2025-10-13T17:50:07+00:00","og_image":[{"width":2560,"height":2014,"url":"https:\/\/buddypacer.com\/wp-content\/uploads\/2025\/10\/peter-okwara-Ny975HgWwbQ-unsplash1-scaled.jpg","type":"image\/jpeg"}],"author":"adm_buddy","twitter_card":"summary_large_image","twitter_misc":{"\u00c9crit par":"adm_buddy","Dur\u00e9e de lecture estim\u00e9e":"5 minutes"},"schema":{"@context":"https:\/\/schema.org","@graph":[{"@type":"Article","@id":"https:\/\/buddypacer.com\/record-maraton\/#article","isPartOf":{"@id":"https:\/\/buddypacer.com\/record-maraton\/"},"author":{"name":"adm_buddy","@id":"https:\/\/buddypacer.com\/#\/schema\/person\/54d0bb9f55574a60fe931615234dac48"},"headline":"El R\u00e9cord del Marat\u00f3n: historia, leyendas y grandes maratonianos.","datePublished":"2025-10-13T15:43:58+00:00","dateModified":"2025-10-13T17:50:07+00:00","mainEntityOfPage":{"@id":"https:\/\/buddypacer.com\/record-maraton\/"},"wordCount":895,"publisher":{"@id":"https:\/\/buddypacer.com\/#organization"},"image":{"@id":"https:\/\/buddypacer.com\/record-maraton\/#primaryimage"},"thumbnailUrl":"https:\/\/buddypacer.com\/wp-content\/uploads\/2025\/10\/peter-okwara-Ny975HgWwbQ-unsplash1-scaled.jpg","keywords":["marat\u00f3n de Berl\u00edn","Marat\u00f3n de Bost\u00f3n","marat\u00f3n de Chicago","marat\u00f3n de Nueva York","Marat\u00f3n de Tokio","Marat\u00f3n Londres","record de Espa\u00f1a","r\u00e9cord del mundo","record maraton","record media maraton","six majors"],"articleSection":["maraton"],"inLanguage":"fr-FR"},{"@type":"WebPage","@id":"https:\/\/buddypacer.com\/record-maraton\/","url":"https:\/\/buddypacer.com\/record-maraton\/","name":"El R\u00e9cord del Marat\u00f3n: historia, leyendas y grandes maratonianos. - Buddy Pacer","isPartOf":{"@id":"https:\/\/buddypacer.com\/#website"},"primaryImageOfPage":{"@id":"https:\/\/buddypacer.com\/record-maraton\/#primaryimage"},"image":{"@id":"https:\/\/buddypacer.com\/record-maraton\/#primaryimage"},"thumbnailUrl":"https:\/\/buddypacer.com\/wp-content\/uploads\/2025\/10\/peter-okwara-Ny975HgWwbQ-unsplash1-scaled.jpg","datePublished":"2025-10-13T15:43:58+00:00","dateModified":"2025-10-13T17:50:07+00:00","description":"Descubre la historia del marat\u00f3n, las maratones m\u00e1s importantes y c\u00f3mo Kelvin Kiptum y Eliud Kipchoge redefinieron el r\u00e9cord del marat\u00f3n.","breadcrumb":{"@id":"https:\/\/buddypacer.com\/record-maraton\/#breadcrumb"},"inLanguage":"fr-FR","potentialAction":[{"@type":"ReadAction","target":["https:\/\/buddypacer.com\/record-maraton\/"]}]},{"@type":"ImageObject","inLanguage":"fr-FR","@id":"https:\/\/buddypacer.com\/record-maraton\/#primaryimage","url":"https:\/\/buddypacer.com\/wp-content\/uploads\/2025\/10\/peter-okwara-Ny975HgWwbQ-unsplash1-scaled.jpg","contentUrl":"https:\/\/buddypacer.com\/wp-content\/uploads\/2025\/10\/peter-okwara-Ny975HgWwbQ-unsplash1-scaled.jpg","width":2560,"height":2014,"caption":"record maraton"},{"@type":"BreadcrumbList","@id":"https:\/\/buddypacer.com\/record-maraton\/#breadcrumb","itemListElement":[{"@type":"ListItem","position":1,"name":"Portada","item":"https:\/\/buddypacer.com\/"},{"@type":"ListItem","position":2,"name":"El R\u00e9cord del Marat\u00f3n: historia, leyendas y grandes maratonianos."}]},{"@type":"WebSite","@id":"https:\/\/buddypacer.com\/#website","url":"https:\/\/buddypacer.com\/","name":"BuddyPacer","description":"Nous connectons les runners","publisher":{"@id":"https:\/\/buddypacer.com\/#organization"},"potentialAction":[{"@type":"SearchAction","target":{"@type":"EntryPoint","urlTemplate":"https:\/\/buddypacer.com\/?s={search_term_string}"},"query-input":{"@type":"PropertyValueSpecification","valueRequired":true,"valueName":"search_term_string"}}],"inLanguage":"fr-FR"},{"@type":"Organization","@id":"https:\/\/buddypacer.com\/#organization","name":"BuddyPacer","alternateName":"Conectamos Runner","url":"https:\/\/buddypacer.com\/","logo":{"@type":"ImageObject","inLanguage":"fr-FR","@id":"https:\/\/buddypacer.com\/#\/schema\/logo\/image\/","url":"https:\/\/buddypacer.com\/wp-content\/uploads\/2025\/03\/Group-1.png","contentUrl":"https:\/\/buddypacer.com\/wp-content\/uploads\/2025\/03\/Group-1.png","width":300,"height":103,"caption":"BuddyPacer"},"image":{"@id":"https:\/\/buddypacer.com\/#\/schema\/logo\/image\/"}},{"@type":"Person","@id":"https:\/\/buddypacer.com\/#\/schema\/person\/54d0bb9f55574a60fe931615234dac48","name":"adm_buddy","image":{"@type":"ImageObject","inLanguage":"fr-FR","@id":"https:\/\/buddypacer.com\/#\/schema\/person\/image\/","url":"https:\/\/secure.gravatar.com\/avatar\/936edfa620015d61eb42a6cf11c84851c97033093c5cd221ae25d02e5ee4110c?s=96&d=mm&r=g","contentUrl":"https:\/\/secure.gravatar.com\/avatar\/936edfa620015d61eb42a6cf11c84851c97033093c5cd221ae25d02e5ee4110c?s=96&d=mm&r=g","caption":"adm_buddy"}}]}},"_links":{"self":[{"href":"https:\/\/buddypacer.com\/fr\/wp-json\/wp\/v2\/posts\/4336","targetHints":{"allow":["GET"]}}],"collection":[{"href":"https:\/\/buddypacer.com\/fr\/wp-json\/wp\/v2\/posts"}],"about":[{"href":"https:\/\/buddypacer.com\/fr\/wp-json\/wp\/v2\/types\/post"}],"author":[{"embeddable":true,"href":"https:\/\/buddypacer.com\/fr\/wp-json\/wp\/v2\/users\/1"}],"replies":[{"embeddable":true,"href":"https:\/\/buddypacer.com\/fr\/wp-json\/wp\/v2\/comments?post=4336"}],"version-history":[{"count":46,"href":"https:\/\/buddypacer.com\/fr\/wp-json\/wp\/v2\/posts\/4336\/revisions"}],"predecessor-version":[{"id":4387,"href":"https:\/\/buddypacer.com\/fr\/wp-json\/wp\/v2\/posts\/4336\/revisions\/4387"}],"wp:featuredmedia":[{"embeddable":true,"href":"https:\/\/buddypacer.com\/fr\/wp-json\/wp\/v2\/media\/4347"}],"wp:attachment":[{"href":"https:\/\/buddypacer.com\/fr\/wp-json\/wp\/v2\/media?parent=4336"}],"wp:term":[{"taxonomy":"category","embeddable":true,"href":"https:\/\/buddypacer.com\/fr\/wp-json\/wp\/v2\/categories?post=4336"},{"taxonomy":"post_tag","embeddable":true,"href":"https:\/\/buddypacer.com\/fr\/wp-json\/wp\/v2\/tags?post=4336"}],"curies":[{"name":"wp","href":"https:\/\/api.w.org\/{rel}","templated":true}]}}