{"id":4336,"date":"2025-10-13T15:43:58","date_gmt":"2025-10-13T15:43:58","guid":{"rendered":"https:\/\/buddypacer.com\/?p=4336"},"modified":"2025-10-13T17:50:07","modified_gmt":"2025-10-13T17:50:07","slug":"record-maraton","status":"publish","type":"post","link":"https:\/\/buddypacer.com\/de\/record-maraton\/","title":{"rendered":"Der Marathonrekord: Geschichte, Legenden und gro\u00dfe Marathonl\u00e4ufer."},"content":{"rendered":"<div data-elementor-type=\"wp-post\" data-elementor-id=\"4336\" class=\"elementor elementor-4336\" data-elementor-post-type=\"post\">\n\t\t\t\t\t\t<section class=\"elementor-section elementor-top-section elementor-element elementor-element-de00ca7 elementor-section-boxed elementor-section-height-default elementor-section-height-default\" data-id=\"de00ca7\" data-element_type=\"section\" data-e-type=\"section\">\n\t\t\t\t\t\t<div class=\"elementor-container elementor-column-gap-default\">\n\t\t\t\t\t<div class=\"elementor-column elementor-col-100 elementor-top-column elementor-element elementor-element-2cb4d8cd\" data-id=\"2cb4d8cd\" data-element_type=\"column\" data-e-type=\"column\">\n\t\t\t<div class=\"elementor-widget-wrap elementor-element-populated\">\n\t\t\t\t\t\t<div class=\"elementor-element elementor-element-98135bc elementor-widget elementor-widget-heading\" data-id=\"98135bc\" data-element_type=\"widget\" data-e-type=\"widget\" data-widget_type=\"heading.default\">\n\t\t\t\t<div class=\"elementor-widget-container\">\n\t\t\t\t\t<h1 class=\"elementor-heading-title elementor-size-default\">Der Marathonrekord: Geschichte, Legenden und gro\u00dfe Marathonl\u00e4ufer.<\/h1>\t\t\t\t<\/div>\n\t\t\t\t<\/div>\n\t\t\t\t<div class=\"elementor-element elementor-element-324b9a0c elementor-widget elementor-widget-text-editor\" data-id=\"324b9a0c\" data-element_type=\"widget\" data-e-type=\"widget\" data-widget_type=\"text-editor.default\">\n\t\t\t\t<div class=\"elementor-widget-container\">\n\t\t\t\t\t\t\t\t\t<p class=\"translation-block\">Der <strong data-start=\"339\" data-end=\"361\">Marathonrekord<\/strong> steht sinnbildlich f\u00fcr die Grenze menschlicher Ausdauer. Von den ersten Olympischen Spielen bis zu den Leistungen von <strong data-start=\"465\" data-end=\"482\">Kelvin Kiptum<\/strong> und <strong data-start=\"485\" data-end=\"503\">Eliud Kipchoge<\/strong> ist das Laufen von 42,195 Kilometern zu einem Test aus Pr\u00e4zision, Strategie und mentaler St\u00e4rke geworden. In diesem Artikel erz\u00e4hlen wir dir die Geschichte, die neuesten Rekorde und die Tempos, die die Weltspitze im Running pr\u00e4gen.<\/p><p>\u00a0<\/p><section><h2>Der Ursprung des Marathons: 42,195 Kilometer Geschichte<\/h2><p class=\"translation-block\">Der Marathon ist eine der ikonischsten Disziplinen der Leichtathletik. Seine offizielle Distanz, <strong>42,195 km<\/strong>, wurde bei den Olympischen Spielen in London 1908 festgelegt, als entschieden wurde, dass das Rennen am <em>Schloss Windsor<\/em> starten und vor der k\u00f6niglichen Trib\u00fcne im Olympiastadion London enden sollte. Seitdem steht diese Zahl f\u00fcr Ausdauer und pers\u00f6nliche \u00dcberwindung.<\/p><p>\u00a0<\/p><p class=\"translation-block\">Sein Ursprung reicht bis ins antike Griechenland zur\u00fcck: Der Soldat <strong>Fil\u00edpides<\/strong> lief von der Stadt Marathon nach Athen, um den Sieg \u00fcber die Perser zu verk\u00fcnden. Diese Leistung, die ihn das Leben kostete, steht sinnbildlich f\u00fcr den Geist der Anstrengung, der Millionen L\u00e4uferinnen und L\u00e4ufer weltweit inspiriert.<\/p><p>\u00a0<\/p><\/section><section><h2>Die wichtigsten Marathons der Welt<\/h2><p class=\"translation-block\">Die sechs prestigetr\u00e4chtigsten Rennen bilden die <a href=\"https:\/\/www.worldmarathonmajors.com\/\" target=\"_self\"><strong>Abbott World Marathon Majors<\/strong><\/a> \u2013 eine Serie, die jede L\u00e4uferin und jeder L\u00e4ufer einmal komplettieren m\u00f6chte. Wer alle sechs finisht, erh\u00e4lt die <strong>Six Star Finisher Medal<\/strong>, ein Symbol f\u00fcr Konstanz und Leidenschaft f\u00fcrs Running.<\/p><p>\u00a0<\/p><h3>Die sechs Major Marathons und ihre offiziellen Websites<\/h3><ul><li><a href=\"https:\/\/www.marathon.tokyo\/\" target=\"_blank\" rel=\"nofollow noopener\">Tokio-Marathon<\/a><\/li><li><a href=\"https:\/\/www.baa.org\/\" target=\"_blank\" rel=\"nofollow noopener\">Boston-Marathon<\/a><\/li><li><a href=\"https:\/\/www.tcslondonmarathon.com\/\" target=\"_blank\" rel=\"nofollow noopener\">London-Marathon<\/a><\/li><li><a href=\"https:\/\/www.bmw-berlin-marathon.com\/\" target=\"_blank\" rel=\"nofollow noopener\">Berlin-Marathon<\/a><\/li><li><a href=\"https:\/\/www.chicagomarathon.com\/\" target=\"_blank\" rel=\"nofollow noopener\">Chicago-Marathon<\/a><\/li><li><a href=\"https:\/\/www.tcsnycmarathon.org\/\" target=\"_blank\" rel=\"nofollow noopener\">New-York-City-Marathon<\/a><\/li><\/ul><p>\u00a0<\/p><\/section><section><h2>Kelvin Kiptum und sein Marathonrekord<\/h2><p class=\"translation-block\">Am <strong>8. Oktober 2023<\/strong> stoppte der Kenianer <strong>Kelvin Kiptum<\/strong> die Uhr beim <a href=\"https:\/\/www.chicagomarathon.com\/\" target=\"_blank\" rel=\"nofollow noopener\">Chicago-Marathon<\/a> bei <strong>2:00:35<\/strong> und stellte damit den <strong>Marathon-Weltrekord<\/strong> auf. Mit 23 Jahren machten ihn sein aggressiver Laufstil und seine enorme Ausdauer zu einer legend\u00e4ren Figur. Sein Tod im Februar 2024 ersch\u00fctterte die Sportwelt.<\/p><\/section><p>\u00a0<\/p><p>\u00a0<\/p><section><h2><img fetchpriority=\"high\" decoding=\"async\" class=\"size-medium wp-image-4346 aligncenter\" src=\"https:\/\/buddypacer.com\/wp-content\/uploads\/2025\/10\/michael-carruth-SYYdTxXH5_4-unsplash-300x201.jpg\" alt=\"record maraton\" width=\"300\" height=\"201\" srcset=\"https:\/\/buddypacer.com\/wp-content\/uploads\/2025\/10\/michael-carruth-SYYdTxXH5_4-unsplash-300x201.jpg 300w, https:\/\/buddypacer.com\/wp-content\/uploads\/2025\/10\/michael-carruth-SYYdTxXH5_4-unsplash-1024x685.jpg 1024w, https:\/\/buddypacer.com\/wp-content\/uploads\/2025\/10\/michael-carruth-SYYdTxXH5_4-unsplash-768x514.jpg 768w, https:\/\/buddypacer.com\/wp-content\/uploads\/2025\/10\/michael-carruth-SYYdTxXH5_4-unsplash-1536x1028.jpg 1536w, https:\/\/buddypacer.com\/wp-content\/uploads\/2025\/10\/michael-carruth-SYYdTxXH5_4-unsplash-2048x1371.jpg 2048w\" sizes=\"(max-width: 300px) 100vw, 300px\" \/><\/h2><h2>\u00a0<\/h2><h2>Eliud Kipchoge und der Tag, an dem die Welt daran glaubte<\/h2><p class=\"translation-block\">Vor Kiptum war der K\u00f6nig des Marathons <strong>Eliud Kipchoge<\/strong>. 2019 schrieb er Geschichte mit der <a href=\"https:\/\/www.instagram.com\/p\/DPtQqzLjQcb\/?img_index=1\" target=\"_self\"><strong>INEOS 1:59 Challenge<\/strong> in Wien<\/a>, als er die <strong>42,195 km in 1:59:40<\/strong> absolvierte und damit als erster Mensch die Zwei-Stunden-Marke durchbrach. Auch wenn es aufgrund der Bedingungen des Events kein offizieller Rekord war, ver\u00e4nderte sein Motto alles:<\/p><blockquote><p><strong>No human is limited.<\/strong><\/p><\/blockquote><p class=\"translation-block\">An diesem Tag wurde er von Eliteathleten wie <strong>den Ingebrigtsen-Br\u00fcdern<\/strong> begleitet \u2013 ein Beweis daf\u00fcr, dass Grenzen dazu da sind, herausgefordert zu werden.<\/p><\/section><p>\u00a0<\/p><p>\u00a0<\/p><section><p><img decoding=\"async\" class=\"alignnone size-medium wp-image-4347 aligncenter\" src=\"https:\/\/buddypacer.com\/wp-content\/uploads\/2025\/10\/peter-okwara-Ny975HgWwbQ-unsplash1-300x236.jpg\" alt=\"\" width=\"300\" height=\"236\" srcset=\"https:\/\/buddypacer.com\/wp-content\/uploads\/2025\/10\/peter-okwara-Ny975HgWwbQ-unsplash1-300x236.jpg 300w, https:\/\/buddypacer.com\/wp-content\/uploads\/2025\/10\/peter-okwara-Ny975HgWwbQ-unsplash1-1024x806.jpg 1024w, https:\/\/buddypacer.com\/wp-content\/uploads\/2025\/10\/peter-okwara-Ny975HgWwbQ-unsplash1-768x604.jpg 768w, https:\/\/buddypacer.com\/wp-content\/uploads\/2025\/10\/peter-okwara-Ny975HgWwbQ-unsplash1-1536x1208.jpg 1536w, https:\/\/buddypacer.com\/wp-content\/uploads\/2025\/10\/peter-okwara-Ny975HgWwbQ-unsplash1-2048x1611.jpg 2048w\" sizes=\"(max-width: 300px) 100vw, 300px\" \/><\/p><\/section><section><h2 data-start=\"297\" data-end=\"334\">\u00a0<\/h2><h2 data-start=\"297\" data-end=\"334\">Marathon-Weltrekord der Frauen<\/h2><p data-start=\"336\" data-end=\"738\" class=\"translation-block\">El <strong data-start=\"339\" data-end=\"377\">r\u00e9cord mundial femenino de marat\u00f3n<\/strong> pertenece actualmente a la keniana <strong data-start=\"413\" data-end=\"434\">Peres Jepchirchir<\/strong>, quien el <strong data-start=\"445\" data-end=\"473\">14 de septiembre de 2025<\/strong> se proclam\u00f3 campeona en el <strong data-start=\"501\" data-end=\"539\">Mundial de Atletismo de Tokio 2025<\/strong>, disputado en el Estadio Nacional. Jepchirchir detuvo el cron\u00f3metro en <strong data-start=\"611\" data-end=\"622\">2:24:43<\/strong>, logrando el mejor tiempo mundial bajo condiciones de campeonato y reafirmando su dominio absoluto en la distancia.<\/p><p data-start=\"740\" data-end=\"1124\" class=\"translation-block\">Mit diesem Ergebnis best\u00e4tigt die kenianische Athletin \u2014bereits Olympiasiegerin in Tokio 2021 und Siegerin der Marathons von Boston und New York\u2014 ihren Status als eine der komplettesten und konstantesten Marathonl\u00e4uferinnen der Geschichte.<br data-start=\"959\" data-end=\"962\">Ihr Sieg in Japan setzte nicht nur wegen der Zeit ein Ausrufezeichen, sondern auch wegen ihrer Konstanz und ihrer F\u00e4higkeit, sowohl bei Majors als auch bei Wettk\u00e4mpfen auf h\u00f6chstem Niveau zu gl\u00e4nzen.<\/p><p data-start=\"740\" data-end=\"1124\">\u00a0<\/p><h2 data-start=\"237\" data-end=\"268\">Marathonrekord in Deutschland<\/h2><p data-start=\"270\" data-end=\"694\" class=\"translation-block\">Der <strong data-start=\"273\" data-end=\"311\">aktuelle deutsche Marathonrekord<\/strong> liegt bei <strong data-start=\"318\" data-end=\"329\">2:04:03<\/strong> und wird von <strong data-start=\"346\" data-end=\"364\">Amanal Petros<\/strong> gehalten. Diese historische Marke lief er beim <strong data-start=\"417\" data-end=\"445\">Valencia Marathon 2025<\/strong> und unterbot damit den bisherigen deutschen Rekord von <strong data-start=\"508\" data-end=\"526\">Samuel Fitwi<\/strong> (2:04:56) deutlich. Mit diesem Ergebnis best\u00e4tigt Petros das starke Niveau des deutschen Stra\u00dfenlaufs und setzt eine neue Referenz f\u00fcr die nationale Spitze.<\/p><p data-start=\"270\" data-end=\"694\">\u00a0<\/p><p data-start=\"696\" data-end=\"1059\" class=\"translation-block\">In der Frauenkategorie geh\u00f6rt der <strong data-start=\"722\" data-end=\"753\">deutsche Marathonrekord<\/strong> <strong data-start=\"766\" data-end=\"791\">Irina Mikitenko<\/strong>, die die Uhr bei <strong data-start=\"816\" data-end=\"827\">2:19:19<\/strong> beim <strong data-start=\"834\" data-end=\"862\">Berlin-Marathon 2008<\/strong> stoppte. Dicht dahinter folgt <strong data-start=\"882\" data-end=\"907\">Melat Yisak Kejeta<\/strong>, die in Dubai 2024 eine starke <strong data-start=\"962\" data-end=\"973\">2:21:47<\/strong> lief und damit die Tradition und das Niveau des deutschen Frauen-Langstreckenlaufs \u00fcber 42,195 km best\u00e4tigt.<\/p><p data-start=\"696\" data-end=\"1059\">\u00a0<\/p><h2 data-start=\"1066\" data-end=\"1100\">Halbmarathon-Weltrekord<\/h2><p data-start=\"1102\" data-end=\"1433\" class=\"translation-block\">Der <strong data-start=\"1105\" data-end=\"1140\">Halbmarathon-Weltrekord<\/strong> wurde am <strong data-start=\"1153\" data-end=\"1178\">16. Februar 2025<\/strong> beim <strong data-start=\"1185\" data-end=\"1229\">eDreams Mitja Marat\u00f3 Barcelona by Brooks<\/strong> gebrochen. Der Ugander <strong data-start=\"1242\" data-end=\"1259\">Jacob Kiplimo<\/strong> stoppte die Uhr bei <strong data-start=\"1282\" data-end=\"1291\">56:42<\/strong> \u2013 eine beeindruckende Leistung, mit der er seine eigene Bestmarke unterbot und Barcelona als eine der schnellsten Strecken der Welt best\u00e4tigte. <span data-huuid=\"8407302666307384066\">Der Halbmarathon-Weltrekord der Frauen liegt bei 1 Stunde, 2 Minuten und 52 Sekunden<\/span><span data-huuid=\"8407302666307384066\">, aufgestellt von der \u00c4thiopierin Letesenbet Gidey am 24. Oktober 2021 beim Halbmarathon von Valencia. <span data-huuid=\"8407302666307386045\">Dieser Rekord \u00fcbertraf den vorherigen von <\/span><\/span>1\u223604\u2236021 <span data-huuid=\"8407302666307386045\">der Kenianerin <span class=\"M5tQyf\">Ruth Chepngetich.<\/span><span class=\"pjBG2e\" data-cid=\"c4e13590-4bd3-4c4d-a5c7-d0e769b202db\"><span class=\"UV3uM\"> <\/span><\/span><\/span><\/p><p data-start=\"1102\" data-end=\"1433\">\u00a0<\/p><h2>Fazit<\/h2><p class=\"translation-block\">Der <strong>Marathonrekord<\/strong> und der Halbmarathonrekord sind nicht nur eine Zahl; sie erz\u00e4hlen eine Geschichte von Anstrengung, Entwicklung und Menschlichkeit. Von <strong>Fil\u00edpides<\/strong> bis <strong>Kipchoge, <\/strong><strong>Kiptum, Kiplimo oder Laura Luengo<\/strong> steht der Marathon f\u00fcr die ewige Suche nach dem Unm\u00f6glichen. Bereit, deine eigene Geschichte zu schreiben? Entdecke, wie das geht, auf <a class=\"decorated-link cursor-pointer\" href=\"https:\/\/buddypacer.com\/de\/about-us\/\" target=\"_blank\" rel=\"noopener\" data-start=\"1981\" data-end=\"2032\">Buddy Pacer<\/a><\/p><\/section>\t\t\t\t\t\t\t\t<\/div>\n\t\t\t\t<\/div>\n\t\t\t\t\t<\/div>\n\t\t<\/div>\n\t\t\t\t\t<\/div>\n\t\t<\/section>\n\t\t\t\t<\/div>","protected":false},"excerpt":{"rendered":"<p>El R\u00e9cord del Marat\u00f3n: historia, leyendas y grandes maratonianos El r\u00e9cord del marat\u00f3n simboliza el l\u00edmite de la resistencia humana. Desde los primeros Juegos Ol\u00edmpicos hasta las haza\u00f1as de Kelvin Kiptum y Eliud Kipchoge, correr 42,195 kil\u00f3metros se ha convertido en una prueba de precisi\u00f3n, estrategia y mentalidad. En este art\u00edculo te contamos la historia, [&hellip;]<\/p>\n","protected":false},"author":1,"featured_media":4347,"comment_status":"closed","ping_status":"closed","sticky":false,"template":"elementor_header_footer","format":"standard","meta":{"inline_featured_image":false,"footnotes":""},"categories":[56],"tags":[62,65,61,60,64,63,66,67,57,58,59],"class_list":["post-4336","post","type-post","status-publish","format-standard","has-post-thumbnail","hentry","category-maraton","tag-maraton-de-berlin","tag-maraton-de-boston","tag-maraton-de-chicago","tag-maraton-de-nueva-york","tag-maraton-de-tokio","tag-maraton-londres","tag-record-de-espana","tag-record-del-mundo","tag-record-maraton","tag-record-media-maraton","tag-six-majors"],"yoast_head":"<!-- This site is optimized with the Yoast SEO Premium plugin v26.3 (Yoast SEO v27.0) - https:\/\/yoast.com\/product\/yoast-seo-premium-wordpress\/ -->\n<title>El R\u00e9cord del Marat\u00f3n: historia, leyendas y grandes maratonianos. - Buddy Pacer<\/title>\n<meta name=\"description\" content=\"Descubre la historia del marat\u00f3n, las maratones m\u00e1s importantes y c\u00f3mo Kelvin Kiptum y Eliud Kipchoge redefinieron el r\u00e9cord del marat\u00f3n.\" \/>\n<meta name=\"robots\" content=\"index, follow, max-snippet:-1, max-image-preview:large, max-video-preview:-1\" \/>\n<link rel=\"canonical\" href=\"https:\/\/buddypacer.com\/de\/record-maraton\/\" \/>\n<meta property=\"og:locale\" content=\"de_DE\" \/>\n<meta property=\"og:type\" content=\"article\" \/>\n<meta property=\"og:title\" content=\"El R\u00e9cord del Marat\u00f3n: historia, leyendas y grandes maratonianos.\" \/>\n<meta property=\"og:description\" content=\"Descubre la historia del marat\u00f3n, las maratones m\u00e1s importantes y c\u00f3mo Kelvin Kiptum y Eliud Kipchoge redefinieron el r\u00e9cord del marat\u00f3n.\" \/>\n<meta property=\"og:url\" content=\"https:\/\/buddypacer.com\/de\/record-maraton\/\" \/>\n<meta property=\"og:site_name\" content=\"Buddy Pacer\" \/>\n<meta property=\"article:published_time\" content=\"2025-10-13T15:43:58+00:00\" \/>\n<meta property=\"article:modified_time\" content=\"2025-10-13T17:50:07+00:00\" \/>\n<meta property=\"og:image\" content=\"https:\/\/buddypacer.com\/wp-content\/uploads\/2025\/10\/peter-okwara-Ny975HgWwbQ-unsplash1-scaled.jpg\" \/>\n\t<meta property=\"og:image:width\" content=\"2560\" \/>\n\t<meta property=\"og:image:height\" content=\"2014\" \/>\n\t<meta property=\"og:image:type\" content=\"image\/jpeg\" \/>\n<meta name=\"author\" content=\"adm_buddy\" \/>\n<meta name=\"twitter:card\" content=\"summary_large_image\" \/>\n<meta name=\"twitter:label1\" content=\"Verfasst von\" \/>\n\t<meta name=\"twitter:data1\" content=\"adm_buddy\" \/>\n\t<meta name=\"twitter:label2\" content=\"Gesch\u00e4tzte Lesezeit\" \/>\n\t<meta name=\"twitter:data2\" content=\"5\u00a0Minuten\" \/>\n<script type=\"application\/ld+json\" class=\"yoast-schema-graph\">{\"@context\":\"https:\/\/schema.org\",\"@graph\":[{\"@type\":\"Article\",\"@id\":\"https:\/\/buddypacer.com\/record-maraton\/#article\",\"isPartOf\":{\"@id\":\"https:\/\/buddypacer.com\/record-maraton\/\"},\"author\":{\"name\":\"adm_buddy\",\"@id\":\"https:\/\/buddypacer.com\/#\/schema\/person\/54d0bb9f55574a60fe931615234dac48\"},\"headline\":\"El R\u00e9cord del Marat\u00f3n: historia, leyendas y grandes maratonianos.\",\"datePublished\":\"2025-10-13T15:43:58+00:00\",\"dateModified\":\"2025-10-13T17:50:07+00:00\",\"mainEntityOfPage\":{\"@id\":\"https:\/\/buddypacer.com\/record-maraton\/\"},\"wordCount\":895,\"publisher\":{\"@id\":\"https:\/\/buddypacer.com\/#organization\"},\"image\":{\"@id\":\"https:\/\/buddypacer.com\/record-maraton\/#primaryimage\"},\"thumbnailUrl\":\"https:\/\/buddypacer.com\/wp-content\/uploads\/2025\/10\/peter-okwara-Ny975HgWwbQ-unsplash1-scaled.jpg\",\"keywords\":[\"marat\u00f3n de Berl\u00edn\",\"Marat\u00f3n de Bost\u00f3n\",\"marat\u00f3n de Chicago\",\"marat\u00f3n de Nueva York\",\"Marat\u00f3n de Tokio\",\"Marat\u00f3n Londres\",\"record de Espa\u00f1a\",\"r\u00e9cord del mundo\",\"record maraton\",\"record media maraton\",\"six majors\"],\"articleSection\":[\"maraton\"],\"inLanguage\":\"de\"},{\"@type\":\"WebPage\",\"@id\":\"https:\/\/buddypacer.com\/record-maraton\/\",\"url\":\"https:\/\/buddypacer.com\/record-maraton\/\",\"name\":\"El R\u00e9cord del Marat\u00f3n: historia, leyendas y grandes maratonianos. - Buddy Pacer\",\"isPartOf\":{\"@id\":\"https:\/\/buddypacer.com\/#website\"},\"primaryImageOfPage\":{\"@id\":\"https:\/\/buddypacer.com\/record-maraton\/#primaryimage\"},\"image\":{\"@id\":\"https:\/\/buddypacer.com\/record-maraton\/#primaryimage\"},\"thumbnailUrl\":\"https:\/\/buddypacer.com\/wp-content\/uploads\/2025\/10\/peter-okwara-Ny975HgWwbQ-unsplash1-scaled.jpg\",\"datePublished\":\"2025-10-13T15:43:58+00:00\",\"dateModified\":\"2025-10-13T17:50:07+00:00\",\"description\":\"Descubre la historia del marat\u00f3n, las maratones m\u00e1s importantes y c\u00f3mo Kelvin Kiptum y Eliud Kipchoge redefinieron el r\u00e9cord del marat\u00f3n.\",\"breadcrumb\":{\"@id\":\"https:\/\/buddypacer.com\/record-maraton\/#breadcrumb\"},\"inLanguage\":\"de\",\"potentialAction\":[{\"@type\":\"ReadAction\",\"target\":[\"https:\/\/buddypacer.com\/record-maraton\/\"]}]},{\"@type\":\"ImageObject\",\"inLanguage\":\"de\",\"@id\":\"https:\/\/buddypacer.com\/record-maraton\/#primaryimage\",\"url\":\"https:\/\/buddypacer.com\/wp-content\/uploads\/2025\/10\/peter-okwara-Ny975HgWwbQ-unsplash1-scaled.jpg\",\"contentUrl\":\"https:\/\/buddypacer.com\/wp-content\/uploads\/2025\/10\/peter-okwara-Ny975HgWwbQ-unsplash1-scaled.jpg\",\"width\":2560,\"height\":2014,\"caption\":\"record maraton\"},{\"@type\":\"BreadcrumbList\",\"@id\":\"https:\/\/buddypacer.com\/record-maraton\/#breadcrumb\",\"itemListElement\":[{\"@type\":\"ListItem\",\"position\":1,\"name\":\"Portada\",\"item\":\"https:\/\/buddypacer.com\/\"},{\"@type\":\"ListItem\",\"position\":2,\"name\":\"El R\u00e9cord del Marat\u00f3n: historia, leyendas y grandes maratonianos.\"}]},{\"@type\":\"WebSite\",\"@id\":\"https:\/\/buddypacer.com\/#website\",\"url\":\"https:\/\/buddypacer.com\/\",\"name\":\"BuddyPacer\",\"description\":\"Conectamos Runners\",\"publisher\":{\"@id\":\"https:\/\/buddypacer.com\/#organization\"},\"potentialAction\":[{\"@type\":\"SearchAction\",\"target\":{\"@type\":\"EntryPoint\",\"urlTemplate\":\"https:\/\/buddypacer.com\/?s={search_term_string}\"},\"query-input\":{\"@type\":\"PropertyValueSpecification\",\"valueRequired\":true,\"valueName\":\"search_term_string\"}}],\"inLanguage\":\"de\"},{\"@type\":\"Organization\",\"@id\":\"https:\/\/buddypacer.com\/#organization\",\"name\":\"BuddyPacer\",\"alternateName\":\"Conectamos Runner\",\"url\":\"https:\/\/buddypacer.com\/\",\"logo\":{\"@type\":\"ImageObject\",\"inLanguage\":\"de\",\"@id\":\"https:\/\/buddypacer.com\/#\/schema\/logo\/image\/\",\"url\":\"https:\/\/buddypacer.com\/wp-content\/uploads\/2025\/03\/Group-1.png\",\"contentUrl\":\"https:\/\/buddypacer.com\/wp-content\/uploads\/2025\/03\/Group-1.png\",\"width\":300,\"height\":103,\"caption\":\"BuddyPacer\"},\"image\":{\"@id\":\"https:\/\/buddypacer.com\/#\/schema\/logo\/image\/\"}},{\"@type\":\"Person\",\"@id\":\"https:\/\/buddypacer.com\/#\/schema\/person\/54d0bb9f55574a60fe931615234dac48\",\"name\":\"adm_buddy\",\"image\":{\"@type\":\"ImageObject\",\"inLanguage\":\"de\",\"@id\":\"https:\/\/buddypacer.com\/#\/schema\/person\/image\/\",\"url\":\"https:\/\/secure.gravatar.com\/avatar\/936edfa620015d61eb42a6cf11c84851c97033093c5cd221ae25d02e5ee4110c?s=96&d=mm&r=g\",\"contentUrl\":\"https:\/\/secure.gravatar.com\/avatar\/936edfa620015d61eb42a6cf11c84851c97033093c5cd221ae25d02e5ee4110c?s=96&d=mm&r=g\",\"caption\":\"adm_buddy\"}}]}<\/script>\n<!-- \/ Yoast SEO Premium plugin. -->","yoast_head_json":{"title":"El R\u00e9cord del Marat\u00f3n: historia, leyendas y grandes maratonianos. - Buddy Pacer","description":"Descubre la historia del marat\u00f3n, las maratones m\u00e1s importantes y c\u00f3mo Kelvin Kiptum y Eliud Kipchoge redefinieron el r\u00e9cord del marat\u00f3n.","robots":{"index":"index","follow":"follow","max-snippet":"max-snippet:-1","max-image-preview":"max-image-preview:large","max-video-preview":"max-video-preview:-1"},"canonical":"https:\/\/buddypacer.com\/de\/record-maraton\/","og_locale":"de_DE","og_type":"article","og_title":"El R\u00e9cord del Marat\u00f3n: historia, leyendas y grandes maratonianos.","og_description":"Descubre la historia del marat\u00f3n, las maratones m\u00e1s importantes y c\u00f3mo Kelvin Kiptum y Eliud Kipchoge redefinieron el r\u00e9cord del marat\u00f3n.","og_url":"https:\/\/buddypacer.com\/de\/record-maraton\/","og_site_name":"Buddy Pacer","article_published_time":"2025-10-13T15:43:58+00:00","article_modified_time":"2025-10-13T17:50:07+00:00","og_image":[{"width":2560,"height":2014,"url":"https:\/\/buddypacer.com\/wp-content\/uploads\/2025\/10\/peter-okwara-Ny975HgWwbQ-unsplash1-scaled.jpg","type":"image\/jpeg"}],"author":"adm_buddy","twitter_card":"summary_large_image","twitter_misc":{"Verfasst von":"adm_buddy","Gesch\u00e4tzte Lesezeit":"5\u00a0Minuten"},"schema":{"@context":"https:\/\/schema.org","@graph":[{"@type":"Article","@id":"https:\/\/buddypacer.com\/record-maraton\/#article","isPartOf":{"@id":"https:\/\/buddypacer.com\/record-maraton\/"},"author":{"name":"adm_buddy","@id":"https:\/\/buddypacer.com\/#\/schema\/person\/54d0bb9f55574a60fe931615234dac48"},"headline":"El R\u00e9cord del Marat\u00f3n: historia, leyendas y grandes maratonianos.","datePublished":"2025-10-13T15:43:58+00:00","dateModified":"2025-10-13T17:50:07+00:00","mainEntityOfPage":{"@id":"https:\/\/buddypacer.com\/record-maraton\/"},"wordCount":895,"publisher":{"@id":"https:\/\/buddypacer.com\/#organization"},"image":{"@id":"https:\/\/buddypacer.com\/record-maraton\/#primaryimage"},"thumbnailUrl":"https:\/\/buddypacer.com\/wp-content\/uploads\/2025\/10\/peter-okwara-Ny975HgWwbQ-unsplash1-scaled.jpg","keywords":["marat\u00f3n de Berl\u00edn","Marat\u00f3n de Bost\u00f3n","marat\u00f3n de Chicago","marat\u00f3n de Nueva York","Marat\u00f3n de Tokio","Marat\u00f3n Londres","record de Espa\u00f1a","r\u00e9cord del mundo","record maraton","record media maraton","six majors"],"articleSection":["maraton"],"inLanguage":"de"},{"@type":"WebPage","@id":"https:\/\/buddypacer.com\/record-maraton\/","url":"https:\/\/buddypacer.com\/record-maraton\/","name":"El R\u00e9cord del Marat\u00f3n: historia, leyendas y grandes maratonianos. - Buddy Pacer","isPartOf":{"@id":"https:\/\/buddypacer.com\/#website"},"primaryImageOfPage":{"@id":"https:\/\/buddypacer.com\/record-maraton\/#primaryimage"},"image":{"@id":"https:\/\/buddypacer.com\/record-maraton\/#primaryimage"},"thumbnailUrl":"https:\/\/buddypacer.com\/wp-content\/uploads\/2025\/10\/peter-okwara-Ny975HgWwbQ-unsplash1-scaled.jpg","datePublished":"2025-10-13T15:43:58+00:00","dateModified":"2025-10-13T17:50:07+00:00","description":"Descubre la historia del marat\u00f3n, las maratones m\u00e1s importantes y c\u00f3mo Kelvin Kiptum y Eliud Kipchoge redefinieron el r\u00e9cord del marat\u00f3n.","breadcrumb":{"@id":"https:\/\/buddypacer.com\/record-maraton\/#breadcrumb"},"inLanguage":"de","potentialAction":[{"@type":"ReadAction","target":["https:\/\/buddypacer.com\/record-maraton\/"]}]},{"@type":"ImageObject","inLanguage":"de","@id":"https:\/\/buddypacer.com\/record-maraton\/#primaryimage","url":"https:\/\/buddypacer.com\/wp-content\/uploads\/2025\/10\/peter-okwara-Ny975HgWwbQ-unsplash1-scaled.jpg","contentUrl":"https:\/\/buddypacer.com\/wp-content\/uploads\/2025\/10\/peter-okwara-Ny975HgWwbQ-unsplash1-scaled.jpg","width":2560,"height":2014,"caption":"record maraton"},{"@type":"BreadcrumbList","@id":"https:\/\/buddypacer.com\/record-maraton\/#breadcrumb","itemListElement":[{"@type":"ListItem","position":1,"name":"Portada","item":"https:\/\/buddypacer.com\/"},{"@type":"ListItem","position":2,"name":"El R\u00e9cord del Marat\u00f3n: historia, leyendas y grandes maratonianos."}]},{"@type":"WebSite","@id":"https:\/\/buddypacer.com\/#website","url":"https:\/\/buddypacer.com\/","name":"BuddyPacer","description":"Wir verbinden L\u00e4ufer","publisher":{"@id":"https:\/\/buddypacer.com\/#organization"},"potentialAction":[{"@type":"SearchAction","target":{"@type":"EntryPoint","urlTemplate":"https:\/\/buddypacer.com\/?s={search_term_string}"},"query-input":{"@type":"PropertyValueSpecification","valueRequired":true,"valueName":"search_term_string"}}],"inLanguage":"de"},{"@type":"Organization","@id":"https:\/\/buddypacer.com\/#organization","name":"BuddyPacer","alternateName":"Conectamos Runner","url":"https:\/\/buddypacer.com\/","logo":{"@type":"ImageObject","inLanguage":"de","@id":"https:\/\/buddypacer.com\/#\/schema\/logo\/image\/","url":"https:\/\/buddypacer.com\/wp-content\/uploads\/2025\/03\/Group-1.png","contentUrl":"https:\/\/buddypacer.com\/wp-content\/uploads\/2025\/03\/Group-1.png","width":300,"height":103,"caption":"BuddyPacer"},"image":{"@id":"https:\/\/buddypacer.com\/#\/schema\/logo\/image\/"}},{"@type":"Person","@id":"https:\/\/buddypacer.com\/#\/schema\/person\/54d0bb9f55574a60fe931615234dac48","name":"adm_buddy","image":{"@type":"ImageObject","inLanguage":"de","@id":"https:\/\/buddypacer.com\/#\/schema\/person\/image\/","url":"https:\/\/secure.gravatar.com\/avatar\/936edfa620015d61eb42a6cf11c84851c97033093c5cd221ae25d02e5ee4110c?s=96&d=mm&r=g","contentUrl":"https:\/\/secure.gravatar.com\/avatar\/936edfa620015d61eb42a6cf11c84851c97033093c5cd221ae25d02e5ee4110c?s=96&d=mm&r=g","caption":"adm_buddy"}}]}},"_links":{"self":[{"href":"https:\/\/buddypacer.com\/de\/wp-json\/wp\/v2\/posts\/4336","targetHints":{"allow":["GET"]}}],"collection":[{"href":"https:\/\/buddypacer.com\/de\/wp-json\/wp\/v2\/posts"}],"about":[{"href":"https:\/\/buddypacer.com\/de\/wp-json\/wp\/v2\/types\/post"}],"author":[{"embeddable":true,"href":"https:\/\/buddypacer.com\/de\/wp-json\/wp\/v2\/users\/1"}],"replies":[{"embeddable":true,"href":"https:\/\/buddypacer.com\/de\/wp-json\/wp\/v2\/comments?post=4336"}],"version-history":[{"count":46,"href":"https:\/\/buddypacer.com\/de\/wp-json\/wp\/v2\/posts\/4336\/revisions"}],"predecessor-version":[{"id":4387,"href":"https:\/\/buddypacer.com\/de\/wp-json\/wp\/v2\/posts\/4336\/revisions\/4387"}],"wp:featuredmedia":[{"embeddable":true,"href":"https:\/\/buddypacer.com\/de\/wp-json\/wp\/v2\/media\/4347"}],"wp:attachment":[{"href":"https:\/\/buddypacer.com\/de\/wp-json\/wp\/v2\/media?parent=4336"}],"wp:term":[{"taxonomy":"category","embeddable":true,"href":"https:\/\/buddypacer.com\/de\/wp-json\/wp\/v2\/categories?post=4336"},{"taxonomy":"post_tag","embeddable":true,"href":"https:\/\/buddypacer.com\/de\/wp-json\/wp\/v2\/tags?post=4336"}],"curies":[{"name":"wp","href":"https:\/\/api.w.org\/{rel}","templated":true}]}}