{"id":4336,"date":"2025-10-13T15:43:58","date_gmt":"2025-10-13T15:43:58","guid":{"rendered":"https:\/\/buddypacer.com\/?p=4336"},"modified":"2025-10-13T17:50:07","modified_gmt":"2025-10-13T17:50:07","slug":"record-maraton","status":"publish","type":"post","link":"https:\/\/buddypacer.com\/cat\/record-maraton\/","title":{"rendered":"El r\u00e8cord de la marat\u00f3: hist\u00f2ria, llegendes i grans maratonians."},"content":{"rendered":"<div data-elementor-type=\"wp-post\" data-elementor-id=\"4336\" class=\"elementor elementor-4336\" data-elementor-post-type=\"post\">\n\t\t\t\t\t\t<section class=\"elementor-section elementor-top-section elementor-element elementor-element-de00ca7 elementor-section-boxed elementor-section-height-default elementor-section-height-default\" data-id=\"de00ca7\" data-element_type=\"section\" data-e-type=\"section\">\n\t\t\t\t\t\t<div class=\"elementor-container elementor-column-gap-default\">\n\t\t\t\t\t<div class=\"elementor-column elementor-col-100 elementor-top-column elementor-element elementor-element-2cb4d8cd\" data-id=\"2cb4d8cd\" data-element_type=\"column\" data-e-type=\"column\">\n\t\t\t<div class=\"elementor-widget-wrap elementor-element-populated\">\n\t\t\t\t\t\t<div class=\"elementor-element elementor-element-98135bc elementor-widget elementor-widget-heading\" data-id=\"98135bc\" data-element_type=\"widget\" data-e-type=\"widget\" data-widget_type=\"heading.default\">\n\t\t\t\t<div class=\"elementor-widget-container\">\n\t\t\t\t\t<h1 class=\"elementor-heading-title elementor-size-default\">El r\u00e8cord de la marat\u00f3: hist\u00f2ria, llegendes i grans maratonians.<\/h1>\t\t\t\t<\/div>\n\t\t\t\t<\/div>\n\t\t\t\t<div class=\"elementor-element elementor-element-324b9a0c elementor-widget elementor-widget-text-editor\" data-id=\"324b9a0c\" data-element_type=\"widget\" data-e-type=\"widget\" data-widget_type=\"text-editor.default\">\n\t\t\t\t<div class=\"elementor-widget-container\">\n\t\t\t\t\t\t\t\t\t<p class=\"translation-block\">El <strong data-start=\"339\" data-end=\"361\">r\u00e8cord de la marat\u00f3<\/strong> simbolitza el l\u00edmit de la resist\u00e8ncia humana. Des dels primers Jocs Ol\u00edmpics fins a les gestes de <strong data-start=\"465\" data-end=\"482\">Kelvin Kiptum<\/strong> i <strong data-start=\"485\" data-end=\"503\">Eliud Kipchoge<\/strong>, c\u00f3rrer 42,195 quil\u00f2metres s\u2019ha convertit en una prova de precisi\u00f3, estrat\u00e8gia i mentalitat. En aquest article t\u2019expliquem la hist\u00f2ria, els r\u00e8cords m\u00e9s recents i els ritmes que marquen l\u2019elit mundial del running.<\/p><p>\u00a0<\/p><section><h2>L\u2019origen de la marat\u00f3: 42,195 quil\u00f2metres d\u2019hist\u00f2ria<\/h2><p class=\"translation-block\">La marat\u00f3 \u00e9s una de les proves m\u00e9s ic\u00f2niques de l\u2019atletisme. La seva dist\u00e0ncia oficial, <strong>42,195 km<\/strong>, es va establir als Jocs Ol\u00edmpics de Londres de 1908, quan es va decidir que la cursa sort\u00eds del <em>Castell de Windsor<\/em> i acab\u00e9s davant de la llotja reial de l\u2019Estadi Ol\u00edmpic de Londres. Des d\u2019aleshores, aquesta xifra representa resist\u00e8ncia i superaci\u00f3 personal.<\/p><p>\u00a0<\/p><p class=\"translation-block\">El seu origen es remunta a l\u2019antiga Gr\u00e8cia: el soldat <strong>Fil\u00edpides<\/strong> va c\u00f3rrer des de la ciutat de Marat\u00f3 fins a Atenes per anunciar la vict\u00f2ria sobre els perses. Aquella gesta, que li va costar la vida, simbolitza l\u2019esperit d\u2019esfor\u00e7 que inspira milions de corredors arreu del m\u00f3n.<\/p><p>\u00a0<\/p><\/section><section><h2>Les maratons m\u00e9s importants del m\u00f3n<\/h2><p class=\"translation-block\">Les sis proves m\u00e9s prestigioses formen les <a href=\"https:\/\/www.worldmarathonmajors.com\/\" target=\"_self\"><strong>Abbott World Marathon Majors<\/strong><\/a>, un circuit que tot corredor somia completar. Qui aconsegueix acabar les sis rep la <strong>medalla Six Star Finisher<\/strong>, s\u00edmbol de const\u00e0ncia i passi\u00f3 pel running.<\/p><p>\u00a0<\/p><h3>Les sis Major Marathons i els seus webs oficials<\/h3><ul><li><a href=\"https:\/\/www.marathon.tokyo\/\" target=\"_blank\" rel=\"nofollow noopener\">Marat\u00f3 de T\u00f2quio<\/a><\/li><li><a href=\"https:\/\/www.baa.org\/\" target=\"_blank\" rel=\"nofollow noopener\">Marat\u00f3 de Boston<\/a><\/li><li><a href=\"https:\/\/www.tcslondonmarathon.com\/\" target=\"_blank\" rel=\"nofollow noopener\">Marat\u00f3 de Londres<\/a><\/li><li><a href=\"https:\/\/www.bmw-berlin-marathon.com\/\" target=\"_blank\" rel=\"nofollow noopener\">Marat\u00f3 de Berl\u00edn<\/a><\/li><li><a href=\"https:\/\/www.chicagomarathon.com\/\" target=\"_blank\" rel=\"nofollow noopener\">Marat\u00f3 de Chicago<\/a><\/li><li><a href=\"https:\/\/www.tcsnycmarathon.org\/\" target=\"_blank\" rel=\"nofollow noopener\">Marat\u00f3 de Nova York<\/a><\/li><\/ul><p>\u00a0<\/p><\/section><section><h2>Kelvin Kiptum i el seu r\u00e8cord de marat\u00f3<\/h2><p class=\"translation-block\">El <strong>8 d\u2019octubre de 2023<\/strong>, el keny\u00e0 <strong>Kelvin Kiptum<\/strong> va aturar el cron\u00f2metre en <strong>2:00:35<\/strong> a la <a href=\"https:\/\/www.chicagomarathon.com\/\" target=\"_blank\" rel=\"nofollow noopener\">Marat\u00f3 de Chicago<\/a>, establint el <strong>r\u00e8cord mundial de marat\u00f3<\/strong>. Amb 23 anys, el seu estil de cursa agressiu i la seva enorme resist\u00e8ncia el van convertir en una figura llegend\u00e0ria. La seva mort, el febrer de 2024, va commocionar el m\u00f3n de l\u2019esport.<\/p><\/section><p>\u00a0<\/p><p>\u00a0<\/p><section><h2><img fetchpriority=\"high\" decoding=\"async\" class=\"size-medium wp-image-4346 aligncenter\" src=\"https:\/\/buddypacer.com\/wp-content\/uploads\/2025\/10\/michael-carruth-SYYdTxXH5_4-unsplash-300x201.jpg\" alt=\"record maraton\" width=\"300\" height=\"201\" srcset=\"https:\/\/buddypacer.com\/wp-content\/uploads\/2025\/10\/michael-carruth-SYYdTxXH5_4-unsplash-300x201.jpg 300w, https:\/\/buddypacer.com\/wp-content\/uploads\/2025\/10\/michael-carruth-SYYdTxXH5_4-unsplash-1024x685.jpg 1024w, https:\/\/buddypacer.com\/wp-content\/uploads\/2025\/10\/michael-carruth-SYYdTxXH5_4-unsplash-768x514.jpg 768w, https:\/\/buddypacer.com\/wp-content\/uploads\/2025\/10\/michael-carruth-SYYdTxXH5_4-unsplash-1536x1028.jpg 1536w, https:\/\/buddypacer.com\/wp-content\/uploads\/2025\/10\/michael-carruth-SYYdTxXH5_4-unsplash-2048x1371.jpg 2048w\" sizes=\"(max-width: 300px) 100vw, 300px\" \/><\/h2><h2>\u00a0<\/h2><h2>Eliud Kipchoge i el dia que el m\u00f3n s\u2019ho va creure<\/h2><p class=\"translation-block\">Abans de Kiptum, el rei de la marat\u00f3 era <strong>Eliud Kipchoge<\/strong>. El 2019 va protagonitzar l\u2019hist\u00f2ric <a href=\"https:\/\/www.instagram.com\/p\/DPtQqzLjQcb\/?img_index=1\" target=\"_self\"><strong>INEOS 1:59 Challenge<\/strong> a Viena<\/a>, completant els <strong>42,195 km en 1:59:40<\/strong> i convertint-se en el primer \u00e9sser hum\u00e0 a trencar la barrera de les dues hores. Tot i que no va ser un r\u00e8cord oficial per les condicions de l\u2019esdeveniment, el seu lema ho va canviar tot:<\/p><blockquote><p><strong>No human is limited.<\/strong><\/p><\/blockquote><p class=\"translation-block\">Aquell dia va estar acompanyat per atletes d\u2019elit com <strong>els germans Ingebrigtsen<\/strong>, evidenciant que els l\u00edmits existeixen per ser desafiaments.<\/p><\/section><p>\u00a0<\/p><p>\u00a0<\/p><section><p><img decoding=\"async\" class=\"alignnone size-medium wp-image-4347 aligncenter\" src=\"https:\/\/buddypacer.com\/wp-content\/uploads\/2025\/10\/peter-okwara-Ny975HgWwbQ-unsplash1-300x236.jpg\" alt=\"\" width=\"300\" height=\"236\" srcset=\"https:\/\/buddypacer.com\/wp-content\/uploads\/2025\/10\/peter-okwara-Ny975HgWwbQ-unsplash1-300x236.jpg 300w, https:\/\/buddypacer.com\/wp-content\/uploads\/2025\/10\/peter-okwara-Ny975HgWwbQ-unsplash1-1024x806.jpg 1024w, https:\/\/buddypacer.com\/wp-content\/uploads\/2025\/10\/peter-okwara-Ny975HgWwbQ-unsplash1-768x604.jpg 768w, https:\/\/buddypacer.com\/wp-content\/uploads\/2025\/10\/peter-okwara-Ny975HgWwbQ-unsplash1-1536x1208.jpg 1536w, https:\/\/buddypacer.com\/wp-content\/uploads\/2025\/10\/peter-okwara-Ny975HgWwbQ-unsplash1-2048x1611.jpg 2048w\" sizes=\"(max-width: 300px) 100vw, 300px\" \/><\/p><\/section><section><h2 data-start=\"297\" data-end=\"334\">\u00a0<\/h2><h2 data-start=\"297\" data-end=\"334\">R\u00e8cord mundial de marat\u00f3 femenina<\/h2><p data-start=\"336\" data-end=\"738\" class=\"translation-block\">El <strong data-start=\"339\" data-end=\"377\">r\u00e9cord mundial femenino de marat\u00f3n<\/strong> pertenece actualmente a la keniana <strong data-start=\"413\" data-end=\"434\">Peres Jepchirchir<\/strong>, quien el <strong data-start=\"445\" data-end=\"473\">14 de septiembre de 2025<\/strong> se proclam\u00f3 campeona en el <strong data-start=\"501\" data-end=\"539\">Mundial de Atletismo de Tokio 2025<\/strong>, disputado en el Estadio Nacional. Jepchirchir detuvo el cron\u00f3metro en <strong data-start=\"611\" data-end=\"622\">2:24:43<\/strong>, logrando el mejor tiempo mundial bajo condiciones de campeonato y reafirmando su dominio absoluto en la distancia.<\/p><p data-start=\"740\" data-end=\"1124\" class=\"translation-block\">Amb aquest resultat, l\u2019atleta kenyana \u2014ja campiona ol\u00edmpica a T\u00f2quio 2021 i guanyadora de les maratons de Boston i de Nova York\u2014 confirma el seu estatus com una de les maratonianes m\u00e9s completes i consistents de la hist\u00f2ria.<br data-start=\"959\" data-end=\"962\">La seva vict\u00f2ria al Jap\u00f3 va marcar una fita no nom\u00e9s per la marca, sin\u00f3 per la seva regularitat i la capacitat de brillar tant en majors com en proves d\u2019alt nivell competitiu.<\/p><p data-start=\"740\" data-end=\"1124\">\u00a0<\/p><h2 data-start=\"237\" data-end=\"268\">R\u00e8cord de marat\u00f3 a Espanya<\/h2><p data-start=\"270\" data-end=\"694\" class=\"translation-block\">L\u2019<strong data-start=\"273\" data-end=\"311\">actual r\u00e8cord d\u2019Espanya de marat\u00f3<\/strong> \u00e9s de <strong data-start=\"318\" data-end=\"329\">2:05:48<\/strong>, en possessi\u00f3 de <strong data-start=\"346\" data-end=\"364\">Tariku Novales<\/strong>. L\u2019atleta gallec va assolir aquesta marca hist\u00f2rica a la <strong data-start=\"417\" data-end=\"445\">Marat\u00f3 de Val\u00e8ncia 2023<\/strong>, superant en 37 segons l\u2019anterior registre aconseguit per <strong data-start=\"508\" data-end=\"526\">Ayad Lamdassem<\/strong> el 2022. Amb aquest resultat, Novales es consolida com el primer espanyol a trencar la barrera de les 2 hores i 6 minuts, confirmant el gran nivell del fons nacional.<\/p><p data-start=\"270\" data-end=\"694\">\u00a0<\/p><p data-start=\"696\" data-end=\"1059\" class=\"translation-block\">En categoria femenina, el <strong data-start=\"722\" data-end=\"753\">r\u00e8cord d\u2019Espanya de marat\u00f3<\/strong> \u00e9s de <strong data-start=\"766\" data-end=\"791\">Majida Maayouf Chajra<\/strong>, que va aturar el cron\u00f2metre en <strong data-start=\"816\" data-end=\"827\">2:21:27<\/strong> a la <strong data-start=\"834\" data-end=\"862\">Marat\u00f3 de Val\u00e8ncia 2023<\/strong>. La segueix de prop <strong data-start=\"882\" data-end=\"907\">Laura Luengo Caselles<\/strong>, que a Val\u00e8ncia 2024 va registrar un excel\u00b7lent temps de <strong data-start=\"962\" data-end=\"973\">2:22:31<\/strong>, confirmant l\u2019auge de l\u2019atletisme femen\u00ed espanyol en la dist\u00e0ncia dels 42,195 km.<\/p><p data-start=\"696\" data-end=\"1059\">\u00a0<\/p><h2 data-start=\"1066\" data-end=\"1100\">R\u00e8cord mundial de mitja marat\u00f3<\/h2><p data-start=\"1102\" data-end=\"1433\" class=\"translation-block\">El <strong data-start=\"1105\" data-end=\"1140\">r\u00e8cord mundial de mitja marat\u00f3<\/strong> es va batre el <strong data-start=\"1153\" data-end=\"1178\">16 de febrer de 2025<\/strong> a la <strong data-start=\"1185\" data-end=\"1229\">eDreams Mitja Marat\u00f3 Barcelona by Brooks<\/strong>. L\u2019ugand\u00e8s <strong data-start=\"1242\" data-end=\"1259\">Jacob Kiplimo<\/strong> va aturar el cron\u00f2metre en <strong data-start=\"1282\" data-end=\"1291\">56:42<\/strong>, una actuaci\u00f3 impressionant que va rebaixar la seva pr\u00f2pia millor marca anterior i va consolidar Barcelona com un dels circuits m\u00e9s r\u00e0pids del m\u00f3n. <span data-huuid=\"8407302666307384066\">El r\u00e8cord mundial femen\u00ed de mitja marat\u00f3 \u00e9s d\u20191 hora, 2 minuts i 52 segons<\/span><span data-huuid=\"8407302666307384066\">, establert per l\u2019et\u00edop Letesenbet Gidey el 24 d\u2019octubre de 2021 a la Mitja Marat\u00f3 de Val\u00e8ncia. <span data-huuid=\"8407302666307386045\">Aquest r\u00e8cord va superar l\u2019anterior de <\/span><\/span>1\u223604\u2236021 <span data-huuid=\"8407302666307386045\">de la kenyana <span class=\"M5tQyf\">Ruth Chepngetich.<\/span><span class=\"pjBG2e\" data-cid=\"c4e13590-4bd3-4c4d-a5c7-d0e769b202db\"><span class=\"UV3uM\"> <\/span><\/span><\/span><\/p><p data-start=\"1102\" data-end=\"1433\">\u00a0<\/p><h2>Conclusi\u00f3<\/h2><p class=\"translation-block\">El <strong>r\u00e8cord de marat\u00f3<\/strong> i el r\u00e8cord de mitja marat\u00f3 no s\u00f3n nom\u00e9s una xifra; s\u00f3n una hist\u00f2ria d\u2019esfor\u00e7, evoluci\u00f3 i humanitat. Des de <strong>Fil\u00edpides<\/strong> fins a <strong>Kipchoge, <\/strong><strong>Kiptum, Kiplimo o Laura Luengo<\/strong>, la marat\u00f3 representa la recerca eterna d\u2019all\u00f2 impossible. Preparat\/ada per escriure la teva pr\u00f2pia hist\u00f2ria? Descobreix com fer-ho a <a class=\"decorated-link cursor-pointer\" href=\"https:\/\/buddypacer.com\/cat\/about-us\/\" target=\"_blank\" rel=\"noopener\" data-start=\"1981\" data-end=\"2032\">Buddy Pacer<\/a><\/p><\/section>\t\t\t\t\t\t\t\t<\/div>\n\t\t\t\t<\/div>\n\t\t\t\t\t<\/div>\n\t\t<\/div>\n\t\t\t\t\t<\/div>\n\t\t<\/section>\n\t\t\t\t<\/div>","protected":false},"excerpt":{"rendered":"<p>El R\u00e9cord del Marat\u00f3n: historia, leyendas y grandes maratonianos El r\u00e9cord del marat\u00f3n simboliza el l\u00edmite de la resistencia humana. Desde los primeros Juegos Ol\u00edmpicos hasta las haza\u00f1as de Kelvin Kiptum y Eliud Kipchoge, correr 42,195 kil\u00f3metros se ha convertido en una prueba de precisi\u00f3n, estrategia y mentalidad. En este art\u00edculo te contamos la historia, [&hellip;]<\/p>\n","protected":false},"author":1,"featured_media":4347,"comment_status":"closed","ping_status":"closed","sticky":false,"template":"elementor_header_footer","format":"standard","meta":{"inline_featured_image":false,"footnotes":""},"categories":[56],"tags":[62,65,61,60,64,63,66,67,57,58,59],"class_list":["post-4336","post","type-post","status-publish","format-standard","has-post-thumbnail","hentry","category-maraton","tag-maraton-de-berlin","tag-maraton-de-boston","tag-maraton-de-chicago","tag-maraton-de-nueva-york","tag-maraton-de-tokio","tag-maraton-londres","tag-record-de-espana","tag-record-del-mundo","tag-record-maraton","tag-record-media-maraton","tag-six-majors"],"yoast_head":"<!-- This site is optimized with the Yoast SEO Premium plugin v26.3 (Yoast SEO v27.0) - https:\/\/yoast.com\/product\/yoast-seo-premium-wordpress\/ -->\n<title>El R\u00e9cord del Marat\u00f3n: historia, leyendas y grandes maratonianos. - Buddy Pacer<\/title>\n<meta name=\"description\" content=\"Descubre la historia del marat\u00f3n, las maratones m\u00e1s importantes y c\u00f3mo Kelvin Kiptum y Eliud Kipchoge redefinieron el r\u00e9cord del marat\u00f3n.\" \/>\n<meta name=\"robots\" content=\"index, follow, max-snippet:-1, max-image-preview:large, max-video-preview:-1\" \/>\n<link rel=\"canonical\" href=\"https:\/\/buddypacer.com\/cat\/record-maraton\/\" \/>\n<meta property=\"og:locale\" content=\"ca_ES\" \/>\n<meta property=\"og:type\" content=\"article\" \/>\n<meta property=\"og:title\" content=\"El R\u00e9cord del Marat\u00f3n: historia, leyendas y grandes maratonianos.\" \/>\n<meta property=\"og:description\" content=\"Descubre la historia del marat\u00f3n, las maratones m\u00e1s importantes y c\u00f3mo Kelvin Kiptum y Eliud Kipchoge redefinieron el r\u00e9cord del marat\u00f3n.\" \/>\n<meta property=\"og:url\" content=\"https:\/\/buddypacer.com\/cat\/record-maraton\/\" \/>\n<meta property=\"og:site_name\" content=\"Buddy Pacer\" \/>\n<meta property=\"article:published_time\" content=\"2025-10-13T15:43:58+00:00\" \/>\n<meta property=\"article:modified_time\" content=\"2025-10-13T17:50:07+00:00\" \/>\n<meta property=\"og:image\" content=\"https:\/\/buddypacer.com\/wp-content\/uploads\/2025\/10\/peter-okwara-Ny975HgWwbQ-unsplash1-scaled.jpg\" \/>\n\t<meta property=\"og:image:width\" content=\"2560\" \/>\n\t<meta property=\"og:image:height\" content=\"2014\" \/>\n\t<meta property=\"og:image:type\" content=\"image\/jpeg\" \/>\n<meta name=\"author\" content=\"adm_buddy\" \/>\n<meta name=\"twitter:card\" content=\"summary_large_image\" \/>\n<meta name=\"twitter:label1\" content=\"Escrit per\" \/>\n\t<meta name=\"twitter:data1\" content=\"adm_buddy\" \/>\n\t<meta name=\"twitter:label2\" content=\"Temps estimat de lectura\" \/>\n\t<meta name=\"twitter:data2\" content=\"5 minuts\" \/>\n<script type=\"application\/ld+json\" class=\"yoast-schema-graph\">{\"@context\":\"https:\/\/schema.org\",\"@graph\":[{\"@type\":\"Article\",\"@id\":\"https:\/\/buddypacer.com\/record-maraton\/#article\",\"isPartOf\":{\"@id\":\"https:\/\/buddypacer.com\/record-maraton\/\"},\"author\":{\"name\":\"adm_buddy\",\"@id\":\"https:\/\/buddypacer.com\/#\/schema\/person\/54d0bb9f55574a60fe931615234dac48\"},\"headline\":\"El R\u00e9cord del Marat\u00f3n: historia, leyendas y grandes maratonianos.\",\"datePublished\":\"2025-10-13T15:43:58+00:00\",\"dateModified\":\"2025-10-13T17:50:07+00:00\",\"mainEntityOfPage\":{\"@id\":\"https:\/\/buddypacer.com\/record-maraton\/\"},\"wordCount\":895,\"publisher\":{\"@id\":\"https:\/\/buddypacer.com\/#organization\"},\"image\":{\"@id\":\"https:\/\/buddypacer.com\/record-maraton\/#primaryimage\"},\"thumbnailUrl\":\"https:\/\/buddypacer.com\/wp-content\/uploads\/2025\/10\/peter-okwara-Ny975HgWwbQ-unsplash1-scaled.jpg\",\"keywords\":[\"marat\u00f3n de Berl\u00edn\",\"Marat\u00f3n de Bost\u00f3n\",\"marat\u00f3n de Chicago\",\"marat\u00f3n de Nueva York\",\"Marat\u00f3n de Tokio\",\"Marat\u00f3n Londres\",\"record de Espa\u00f1a\",\"r\u00e9cord del mundo\",\"record maraton\",\"record media maraton\",\"six majors\"],\"articleSection\":[\"maraton\"],\"inLanguage\":\"ca\"},{\"@type\":\"WebPage\",\"@id\":\"https:\/\/buddypacer.com\/record-maraton\/\",\"url\":\"https:\/\/buddypacer.com\/record-maraton\/\",\"name\":\"El R\u00e9cord del Marat\u00f3n: historia, leyendas y grandes maratonianos. - Buddy Pacer\",\"isPartOf\":{\"@id\":\"https:\/\/buddypacer.com\/#website\"},\"primaryImageOfPage\":{\"@id\":\"https:\/\/buddypacer.com\/record-maraton\/#primaryimage\"},\"image\":{\"@id\":\"https:\/\/buddypacer.com\/record-maraton\/#primaryimage\"},\"thumbnailUrl\":\"https:\/\/buddypacer.com\/wp-content\/uploads\/2025\/10\/peter-okwara-Ny975HgWwbQ-unsplash1-scaled.jpg\",\"datePublished\":\"2025-10-13T15:43:58+00:00\",\"dateModified\":\"2025-10-13T17:50:07+00:00\",\"description\":\"Descubre la historia del marat\u00f3n, las maratones m\u00e1s importantes y c\u00f3mo Kelvin Kiptum y Eliud Kipchoge redefinieron el r\u00e9cord del marat\u00f3n.\",\"breadcrumb\":{\"@id\":\"https:\/\/buddypacer.com\/record-maraton\/#breadcrumb\"},\"inLanguage\":\"ca\",\"potentialAction\":[{\"@type\":\"ReadAction\",\"target\":[\"https:\/\/buddypacer.com\/record-maraton\/\"]}]},{\"@type\":\"ImageObject\",\"inLanguage\":\"ca\",\"@id\":\"https:\/\/buddypacer.com\/record-maraton\/#primaryimage\",\"url\":\"https:\/\/buddypacer.com\/wp-content\/uploads\/2025\/10\/peter-okwara-Ny975HgWwbQ-unsplash1-scaled.jpg\",\"contentUrl\":\"https:\/\/buddypacer.com\/wp-content\/uploads\/2025\/10\/peter-okwara-Ny975HgWwbQ-unsplash1-scaled.jpg\",\"width\":2560,\"height\":2014,\"caption\":\"record maraton\"},{\"@type\":\"BreadcrumbList\",\"@id\":\"https:\/\/buddypacer.com\/record-maraton\/#breadcrumb\",\"itemListElement\":[{\"@type\":\"ListItem\",\"position\":1,\"name\":\"Portada\",\"item\":\"https:\/\/buddypacer.com\/\"},{\"@type\":\"ListItem\",\"position\":2,\"name\":\"El R\u00e9cord del Marat\u00f3n: historia, leyendas y grandes maratonianos.\"}]},{\"@type\":\"WebSite\",\"@id\":\"https:\/\/buddypacer.com\/#website\",\"url\":\"https:\/\/buddypacer.com\/\",\"name\":\"BuddyPacer\",\"description\":\"Conectamos Runners\",\"publisher\":{\"@id\":\"https:\/\/buddypacer.com\/#organization\"},\"potentialAction\":[{\"@type\":\"SearchAction\",\"target\":{\"@type\":\"EntryPoint\",\"urlTemplate\":\"https:\/\/buddypacer.com\/?s={search_term_string}\"},\"query-input\":{\"@type\":\"PropertyValueSpecification\",\"valueRequired\":true,\"valueName\":\"search_term_string\"}}],\"inLanguage\":\"ca\"},{\"@type\":\"Organization\",\"@id\":\"https:\/\/buddypacer.com\/#organization\",\"name\":\"BuddyPacer\",\"alternateName\":\"Conectamos Runner\",\"url\":\"https:\/\/buddypacer.com\/\",\"logo\":{\"@type\":\"ImageObject\",\"inLanguage\":\"ca\",\"@id\":\"https:\/\/buddypacer.com\/#\/schema\/logo\/image\/\",\"url\":\"https:\/\/buddypacer.com\/wp-content\/uploads\/2025\/03\/Group-1.png\",\"contentUrl\":\"https:\/\/buddypacer.com\/wp-content\/uploads\/2025\/03\/Group-1.png\",\"width\":300,\"height\":103,\"caption\":\"BuddyPacer\"},\"image\":{\"@id\":\"https:\/\/buddypacer.com\/#\/schema\/logo\/image\/\"}},{\"@type\":\"Person\",\"@id\":\"https:\/\/buddypacer.com\/#\/schema\/person\/54d0bb9f55574a60fe931615234dac48\",\"name\":\"adm_buddy\",\"image\":{\"@type\":\"ImageObject\",\"inLanguage\":\"ca\",\"@id\":\"https:\/\/buddypacer.com\/#\/schema\/person\/image\/\",\"url\":\"https:\/\/secure.gravatar.com\/avatar\/936edfa620015d61eb42a6cf11c84851c97033093c5cd221ae25d02e5ee4110c?s=96&d=mm&r=g\",\"contentUrl\":\"https:\/\/secure.gravatar.com\/avatar\/936edfa620015d61eb42a6cf11c84851c97033093c5cd221ae25d02e5ee4110c?s=96&d=mm&r=g\",\"caption\":\"adm_buddy\"}}]}<\/script>\n<!-- \/ Yoast SEO Premium plugin. -->","yoast_head_json":{"title":"El R\u00e9cord del Marat\u00f3n: historia, leyendas y grandes maratonianos. - Buddy Pacer","description":"Descubre la historia del marat\u00f3n, las maratones m\u00e1s importantes y c\u00f3mo Kelvin Kiptum y Eliud Kipchoge redefinieron el r\u00e9cord del marat\u00f3n.","robots":{"index":"index","follow":"follow","max-snippet":"max-snippet:-1","max-image-preview":"max-image-preview:large","max-video-preview":"max-video-preview:-1"},"canonical":"https:\/\/buddypacer.com\/cat\/record-maraton\/","og_locale":"ca_ES","og_type":"article","og_title":"El R\u00e9cord del Marat\u00f3n: historia, leyendas y grandes maratonianos.","og_description":"Descubre la historia del marat\u00f3n, las maratones m\u00e1s importantes y c\u00f3mo Kelvin Kiptum y Eliud Kipchoge redefinieron el r\u00e9cord del marat\u00f3n.","og_url":"https:\/\/buddypacer.com\/cat\/record-maraton\/","og_site_name":"Buddy Pacer","article_published_time":"2025-10-13T15:43:58+00:00","article_modified_time":"2025-10-13T17:50:07+00:00","og_image":[{"width":2560,"height":2014,"url":"https:\/\/buddypacer.com\/wp-content\/uploads\/2025\/10\/peter-okwara-Ny975HgWwbQ-unsplash1-scaled.jpg","type":"image\/jpeg"}],"author":"adm_buddy","twitter_card":"summary_large_image","twitter_misc":{"Escrit per":"adm_buddy","Temps estimat de lectura":"5 minuts"},"schema":{"@context":"https:\/\/schema.org","@graph":[{"@type":"Article","@id":"https:\/\/buddypacer.com\/record-maraton\/#article","isPartOf":{"@id":"https:\/\/buddypacer.com\/record-maraton\/"},"author":{"name":"adm_buddy","@id":"https:\/\/buddypacer.com\/#\/schema\/person\/54d0bb9f55574a60fe931615234dac48"},"headline":"El R\u00e9cord del Marat\u00f3n: historia, leyendas y grandes maratonianos.","datePublished":"2025-10-13T15:43:58+00:00","dateModified":"2025-10-13T17:50:07+00:00","mainEntityOfPage":{"@id":"https:\/\/buddypacer.com\/record-maraton\/"},"wordCount":895,"publisher":{"@id":"https:\/\/buddypacer.com\/#organization"},"image":{"@id":"https:\/\/buddypacer.com\/record-maraton\/#primaryimage"},"thumbnailUrl":"https:\/\/buddypacer.com\/wp-content\/uploads\/2025\/10\/peter-okwara-Ny975HgWwbQ-unsplash1-scaled.jpg","keywords":["marat\u00f3n de Berl\u00edn","Marat\u00f3n de Bost\u00f3n","marat\u00f3n de Chicago","marat\u00f3n de Nueva York","Marat\u00f3n de Tokio","Marat\u00f3n Londres","record de Espa\u00f1a","r\u00e9cord del mundo","record maraton","record media maraton","six majors"],"articleSection":["maraton"],"inLanguage":"ca"},{"@type":"WebPage","@id":"https:\/\/buddypacer.com\/record-maraton\/","url":"https:\/\/buddypacer.com\/record-maraton\/","name":"El R\u00e9cord del Marat\u00f3n: historia, leyendas y grandes maratonianos. - Buddy Pacer","isPartOf":{"@id":"https:\/\/buddypacer.com\/#website"},"primaryImageOfPage":{"@id":"https:\/\/buddypacer.com\/record-maraton\/#primaryimage"},"image":{"@id":"https:\/\/buddypacer.com\/record-maraton\/#primaryimage"},"thumbnailUrl":"https:\/\/buddypacer.com\/wp-content\/uploads\/2025\/10\/peter-okwara-Ny975HgWwbQ-unsplash1-scaled.jpg","datePublished":"2025-10-13T15:43:58+00:00","dateModified":"2025-10-13T17:50:07+00:00","description":"Descubre la historia del marat\u00f3n, las maratones m\u00e1s importantes y c\u00f3mo Kelvin Kiptum y Eliud Kipchoge redefinieron el r\u00e9cord del marat\u00f3n.","breadcrumb":{"@id":"https:\/\/buddypacer.com\/record-maraton\/#breadcrumb"},"inLanguage":"ca","potentialAction":[{"@type":"ReadAction","target":["https:\/\/buddypacer.com\/record-maraton\/"]}]},{"@type":"ImageObject","inLanguage":"ca","@id":"https:\/\/buddypacer.com\/record-maraton\/#primaryimage","url":"https:\/\/buddypacer.com\/wp-content\/uploads\/2025\/10\/peter-okwara-Ny975HgWwbQ-unsplash1-scaled.jpg","contentUrl":"https:\/\/buddypacer.com\/wp-content\/uploads\/2025\/10\/peter-okwara-Ny975HgWwbQ-unsplash1-scaled.jpg","width":2560,"height":2014,"caption":"record maraton"},{"@type":"BreadcrumbList","@id":"https:\/\/buddypacer.com\/record-maraton\/#breadcrumb","itemListElement":[{"@type":"ListItem","position":1,"name":"Portada","item":"https:\/\/buddypacer.com\/"},{"@type":"ListItem","position":2,"name":"El R\u00e9cord del Marat\u00f3n: historia, leyendas y grandes maratonianos."}]},{"@type":"WebSite","@id":"https:\/\/buddypacer.com\/#website","url":"https:\/\/buddypacer.com\/","name":"BuddyPacer","description":"Connectem runners","publisher":{"@id":"https:\/\/buddypacer.com\/#organization"},"potentialAction":[{"@type":"SearchAction","target":{"@type":"EntryPoint","urlTemplate":"https:\/\/buddypacer.com\/?s={search_term_string}"},"query-input":{"@type":"PropertyValueSpecification","valueRequired":true,"valueName":"search_term_string"}}],"inLanguage":"ca"},{"@type":"Organization","@id":"https:\/\/buddypacer.com\/#organization","name":"BuddyPacer","alternateName":"Conectamos Runner","url":"https:\/\/buddypacer.com\/","logo":{"@type":"ImageObject","inLanguage":"ca","@id":"https:\/\/buddypacer.com\/#\/schema\/logo\/image\/","url":"https:\/\/buddypacer.com\/wp-content\/uploads\/2025\/03\/Group-1.png","contentUrl":"https:\/\/buddypacer.com\/wp-content\/uploads\/2025\/03\/Group-1.png","width":300,"height":103,"caption":"BuddyPacer"},"image":{"@id":"https:\/\/buddypacer.com\/#\/schema\/logo\/image\/"}},{"@type":"Person","@id":"https:\/\/buddypacer.com\/#\/schema\/person\/54d0bb9f55574a60fe931615234dac48","name":"adm_buddy","image":{"@type":"ImageObject","inLanguage":"ca","@id":"https:\/\/buddypacer.com\/#\/schema\/person\/image\/","url":"https:\/\/secure.gravatar.com\/avatar\/936edfa620015d61eb42a6cf11c84851c97033093c5cd221ae25d02e5ee4110c?s=96&d=mm&r=g","contentUrl":"https:\/\/secure.gravatar.com\/avatar\/936edfa620015d61eb42a6cf11c84851c97033093c5cd221ae25d02e5ee4110c?s=96&d=mm&r=g","caption":"adm_buddy"}}]}},"_links":{"self":[{"href":"https:\/\/buddypacer.com\/cat\/wp-json\/wp\/v2\/posts\/4336","targetHints":{"allow":["GET"]}}],"collection":[{"href":"https:\/\/buddypacer.com\/cat\/wp-json\/wp\/v2\/posts"}],"about":[{"href":"https:\/\/buddypacer.com\/cat\/wp-json\/wp\/v2\/types\/post"}],"author":[{"embeddable":true,"href":"https:\/\/buddypacer.com\/cat\/wp-json\/wp\/v2\/users\/1"}],"replies":[{"embeddable":true,"href":"https:\/\/buddypacer.com\/cat\/wp-json\/wp\/v2\/comments?post=4336"}],"version-history":[{"count":46,"href":"https:\/\/buddypacer.com\/cat\/wp-json\/wp\/v2\/posts\/4336\/revisions"}],"predecessor-version":[{"id":4387,"href":"https:\/\/buddypacer.com\/cat\/wp-json\/wp\/v2\/posts\/4336\/revisions\/4387"}],"wp:featuredmedia":[{"embeddable":true,"href":"https:\/\/buddypacer.com\/cat\/wp-json\/wp\/v2\/media\/4347"}],"wp:attachment":[{"href":"https:\/\/buddypacer.com\/cat\/wp-json\/wp\/v2\/media?parent=4336"}],"wp:term":[{"taxonomy":"category","embeddable":true,"href":"https:\/\/buddypacer.com\/cat\/wp-json\/wp\/v2\/categories?post=4336"},{"taxonomy":"post_tag","embeddable":true,"href":"https:\/\/buddypacer.com\/cat\/wp-json\/wp\/v2\/tags?post=4336"}],"curies":[{"name":"wp","href":"https:\/\/api.w.org\/{rel}","templated":true}]}}